{"id":1014,"date":"2023-02-09T07:34:50","date_gmt":"2023-02-09T07:34:50","guid":{"rendered":"https:\/\/lavocedelpaese.info\/index.php\/2023\/02\/09\/giorno-del-ricordo-due-cerimonie-per-le-vittime-delle-foibe-il-10-febbraio\/"},"modified":"2023-02-09T07:34:50","modified_gmt":"2023-02-09T07:34:50","slug":"giorno-del-ricordo-due-cerimonie-per-le-vittime-delle-foibe-il-10-febbraio","status":"publish","type":"post","link":"https:\/\/noicattaro.lavocedelpaese.info\/index.php\/2023\/02\/09\/giorno-del-ricordo-due-cerimonie-per-le-vittime-delle-foibe-il-10-febbraio\/","title":{"rendered":"\u201cGiorno del ricordo\u201d: due cerimonie per le vittime delle foibe il 10 febbraio"},"content":{"rendered":"<p>Doppia cerimonia, <strong>venerd\u00ec 10 febbraio<\/strong> presso il Parco dedicato ai Martiri delle foibe e agli esuli istriano-giuliano-dalmati, nel quartiere \u201cSacro Cuore\u201d a Cassano delle Murge, nel \u201cGiorno del Ricordo\u201d della tragedia che provoc\u00f2 migliaia di vittime innocenti durante e s\u00f9bito dopo la seconda guerra mondiale.<\/p>\n<p>In mattinata, <strong>alle ore 10.00<\/strong>, \u00e8 prevista la manifestazione organizzata dall\u2019Amministrazione Comunale, con la partecipazione delle autorit\u00e0 civili, militari e religiose nonch\u00e9 la rappresentanza delle scolaresche.<\/p>\n<p>Nel pomeriggio, <strong>alle ore 16.00,<\/strong> la manifestazione organizzata dal circolo cittadino di Fratelli d\u2019Italia, con la deposizione di un mazzo di fiori a ricordo di quel che fu e che non dovr\u00e0 mai essere dimenticato, con la partecipazione dei Coordinatori cittadini Franco Antelmi e Pasquale Di Canosa, della Capogruppo in Consiglio Comunale Raffaella Casamassima e dei Consiglieri di minoranza e del Senatore Ignazio Zullo.<\/p>\n<p><em>\u201cNon possiamo dimenticare la violenza carnale subita da Norma Cossetto \u2013 a cui sono intitolati i giardini nei pressi della scuola media dell\u2019I.C. Perotti-Ruffo la cui targa \u00e8 soggetta a continua atti di vandalismo ed \u00e8 esposta in modo indecoroso ed indegno- per la storia di tutte le vittime delle foibe ed per quello che essa rappresenta\u201d,<\/em> si legge in una nota del Circolo cassanese di Fd\u2019I.<\/p>\n<p><em>\u201cLa tragedia degli italiani morti nelle cavit\u00e0 carsiche per mano dell\u2019esercito jugoslavo del maresciallo comunista Tito non pu\u00f2 non essere celebrata ricordano il sacrificio umano e la barbarie alla quale gli italiani furono sottoposti. L\u2019intento del nostro gesto \u00e8 quello di difendere la nostra storia e l\u2019identit\u00e0 nazionale, per costruire una coscienza di popolo e superare ogni odio, per non dimenticare, per ribadire con forza che non esistono morti e stragi di serie B. Oggi il vero avversario da battere, pi\u00f9 forte e pi\u00f9 insidioso, \u00e8 quello dell\u2019indifferenza e del disinteresse che si nutrono spesso della mancata conoscenza della storia e dei suoi eventi. In quelle stesse zone che furono, nella prima met\u00e0 del Novecento, teatro di guerre e di fosche tragedie, oggi condividiamo, con i nostri vicini di Slovenia e Croazia, pace, amicizia e collaborazione, con il futuro in comune in Europa e nella comunit\u00e0 internazionale\u201d, <\/em>conclude il Comunicato.<\/p>\n<p>A decenni di distanza, evidentemente, anche nella nostra Cassano la memoria non \u00e8 condivisa e il voler distinguersi anche sul ricordo di chi, da innocente, ha pagato per gli errori e le scelte di altri, viene calpestata per interessi di parte: una brutta pagina che poteva e doveva essere evitata.<\/p>\n<p>\u00a0<\/p>\n<p>\u00a0<\/p>\n<p>\u200b\u00a0<\/p>","protected":false},"excerpt":{"rendered":"<p>Doppia cerimonia, venerd\u00ec 10 febbraio presso il Parco dedicato ai Martiri delle foibe e agli esuli istriano-giuliano-dalmati, nel quartiere \u201cSacro<\/p>\n","protected":false},"author":1,"featured_media":0,"comment_status":"open","ping_status":"closed","sticky":false,"template":"","format":"standard","meta":{"colormag_page_container_layout":"default_layout","colormag_page_sidebar_layout":"default_layout","_monsterinsights_skip_tracking":false,"_monsterinsights_sitenote_active":false,"_monsterinsights_sitenote_note":"","_monsterinsights_sitenote_category":0,"footnotes":""},"categories":[1],"tags":[],"class_list":["post-1014","post","type-post","status-publish","format-standard","hentry","category-uncategorized"],"_links":{"self":[{"href":"https:\/\/noicattaro.lavocedelpaese.info\/index.php\/wp-json\/wp\/v2\/posts\/1014","targetHints":{"allow":["GET"]}}],"collection":[{"href":"https:\/\/noicattaro.lavocedelpaese.info\/index.php\/wp-json\/wp\/v2\/posts"}],"about":[{"href":"https:\/\/noicattaro.lavocedelpaese.info\/index.php\/wp-json\/wp\/v2\/types\/post"}],"author":[{"embeddable":true,"href":"https:\/\/noicattaro.lavocedelpaese.info\/index.php\/wp-json\/wp\/v2\/users\/1"}],"replies":[{"embeddable":true,"href":"https:\/\/noicattaro.lavocedelpaese.info\/index.php\/wp-json\/wp\/v2\/comments?post=1014"}],"version-history":[{"count":0,"href":"https:\/\/noicattaro.lavocedelpaese.info\/index.php\/wp-json\/wp\/v2\/posts\/1014\/revisions"}],"wp:attachment":[{"href":"https:\/\/noicattaro.lavocedelpaese.info\/index.php\/wp-json\/wp\/v2\/media?parent=1014"}],"wp:term":[{"taxonomy":"category","embeddable":true,"href":"https:\/\/noicattaro.lavocedelpaese.info\/index.php\/wp-json\/wp\/v2\/categories?post=1014"},{"taxonomy":"post_tag","embeddable":true,"href":"https:\/\/noicattaro.lavocedelpaese.info\/index.php\/wp-json\/wp\/v2\/tags?post=1014"}],"curies":[{"name":"wp","href":"https:\/\/api.w.org\/{rel}","templated":true}]}}