{"id":1033,"date":"2023-02-10T03:24:22","date_gmt":"2023-02-10T03:24:22","guid":{"rendered":"https:\/\/lavocedelpaese.info\/?p=1033"},"modified":"2023-02-10T03:24:22","modified_gmt":"2023-02-10T03:24:22","slug":"policlinico-di-bari-condizioni-inaccettabili","status":"publish","type":"post","link":"https:\/\/noicattaro.lavocedelpaese.info\/index.php\/2023\/02\/10\/policlinico-di-bari-condizioni-inaccettabili\/","title":{"rendered":"<strong>Policlinico di Bari: \u201cCondizioni inaccettabili\u201d<\/strong>"},"content":{"rendered":"\n<p>\u201cAttenzione e rispetto per il Policlinico di Bari\u201d. L\u2019allarme \u00e8 arrivato dai consiglieri regionali della Lega Fabio Romito e Giacomo Conserva e dall\u2019on.Tateo, nel corso di una conferenza stampa convocata presso la sede del Consiglio Regionale.<\/p>\n\n\n\n<p>\u00abIl Policlinico di Bari \u2013 afferma Romito \u2013 \u00e8 storicamente il presidio sanitario pi\u00f9 importante della regione e purtroppo, ormai da qualche anno, versa in condizioni inaccettabili. Da un lato registriamo la fuga di molti medici, che hanno scelto di dimettersi dal Policlinico per trasferirsi altrove; dall\u2019altro sono ormai diverse le segnalazioni pervenuteci da parte dei pazienti, sia in ordine alla gi\u00e0 nota questione delle liste di attesa, sia per questioni che attengono all\u2019organizzazione dei servizi prestati\u00bb.<\/p>\n\n\n\n<p>\u00abEcco perch\u00e9 \u2013 prosegue il consigliere regionale \u2013 abbiamo deciso di rivolgere pubblicamente alcune domande all\u2019assessore Palese. Noi non abbiamo intenzione di girarci dall\u2019altro lato mentre il Policlinico arranca, abbiamo anzi il dovere di rivendicare il diritto alla salute dei pazienti e dei cittadini e soprattutto di chiedere all\u2019assessore una diversa metodologia di approccio al problema\u00bb.<\/p>\n\n\n\n<p>\u00abPeraltro \u2013 chiosa \u2013 insieme al collega Conserva, ne abbiamo chiesto l\u2019audizione anche in commissione Sanit\u00e0 per questioni molto importanti, non da ultima la chiusura del reparto di Cardiochirurgia dell\u2019ospedale pediatrico Giovanni XXIII\u00bb.<\/p>\n\n\n\n<p>\u00abDa notizie apprese dagli organi di stampa \u2013 aggiunge a riguardo il capogruppo Conserva \u2013 \u00e8 noto che sia stato aperto un fascicolo presso la Procura della Repubblica di Bari e che vi sono dei controlli ispettivi anche da parte della stessa Regione. Parliamo di uno dei reparti nevralgici del pediatrico, motivo per cui intendiamo avviare una sorta di osservatorio non solo per questi plessi, ma per le aziende sanitarie di tutta la Regione Puglia\u00bb.<\/p>\n\n\n\n<p>\u00abChe fine ha fatto \u2013 si chiede Romito \u2013 l\u2019audit avviato nel 2018? E ancora, dopo le nostre denunce, parrebbe che sia stato acquistato l\u2019angiografo presente nel reparto di neuro radiologia e quindi ci chiediamo, non si poteva acquistare prima? Come si spiega, poi, il ritardo nella realizzazione del blocco operatorio di Asclepios 3? Parliamo di reparti e ambulatori pronti, in cui non ci si pu\u00f2 trasferire perch\u00e9 la costruzione delle relative sale operatorie non \u00e8 andata di pari passo con tutto il resto. Questo nonostante la cardiochirurgia del Policlinico grazie ai nostri chirurghi sia cresciuta in modo straordinario, arrivando a raggiungere il record per trapianti che ci rende il secondo polo in Italia\u00bb.<\/p>\n\n\n\n<p>\u00abAbbiamo il dovere \u2013 rincara la dose &#8211; di seguire e sostenere l\u2019iter per l\u2019autorizzazione regionale all\u2019esecuzione delle procedure di trapianto di cellule staminali allogeniche, cos\u00ec da evitare viaggi massacranti ai nostri piccoli pazienti pugliesi e poter utilizzare le cure che il nostro centro di oncoematologia gi\u00e0 oggi offre, eccellenza in tutta Italia.<\/p>\n\n\n\n<p>Bisogna, poi, adeguare ai tempi attuali il regolamento intramoenia.<\/p>\n\n\n\n<p>C\u2019\u00e8 infine un problema serio, che riguarda il rapporto tra Universit\u00e0 di Bari e Regione Puglia: nonostante un protocollo d\u2019intesa firmato nel 2018, i due enti non hanno mai definito l\u2019indennit\u00e0 stipendiale per i docenti medici, che doveva sostituire l\u2019indennit\u00e0 di specificit\u00e0 medica. Oggi, quindi, i docenti di medicina si vedono minacciati di dover restituire tra i 18 e i 20mila euro a testa. Per non parlare della situazione che riguarda i giovani ricercatori, sottopagati e sempre pi\u00f9 lontani dalla carriera universitaria. Sono infine tantissime le strutture in cui da anni non ci sono direttori, ma facenti funzione\u00bb.<\/p>\n\n\n\n<p>\u00abRicordo \u2013 dichiara l\u2019onorevole Tateo \u2013 che nel suo primo mandato il presidente Emiliano tenne per s\u00e9 la delega alla Sanit\u00e0. Delega poi passata a Lopalco prima e a Palese poi, senza alcun miglioramento. Denunciamo da anni i problemi della sanit\u00e0 pugliese e barese, che rappresentano un danno per i cittadini\u00bb.<\/p>\n\n\n\n<p>\u00abA tutte queste domande \u2013 conclude il consigliere Romito \u2013 chiediamo e chiederemo risposte in pubblico e nelle sedi opportune\u00bb.<\/p>\n","protected":false},"excerpt":{"rendered":"<p>\u201cAttenzione e rispetto per il Policlinico di Bari\u201d. L\u2019allarme \u00e8 arrivato dai consiglieri regionali della Lega Fabio Romito e Giacomo<\/p>\n","protected":false},"author":1,"featured_media":1034,"comment_status":"open","ping_status":"closed","sticky":false,"template":"","format":"standard","meta":{"colormag_page_container_layout":"default_layout","colormag_page_sidebar_layout":"default_layout","_monsterinsights_skip_tracking":false,"_monsterinsights_sitenote_active":false,"_monsterinsights_sitenote_note":"","_monsterinsights_sitenote_category":0,"footnotes":""},"categories":[3,7],"tags":[],"class_list":["post-1033","post","type-post","status-publish","format-standard","has-post-thumbnail","hentry","category-politica","category-regione"],"_links":{"self":[{"href":"https:\/\/noicattaro.lavocedelpaese.info\/index.php\/wp-json\/wp\/v2\/posts\/1033","targetHints":{"allow":["GET"]}}],"collection":[{"href":"https:\/\/noicattaro.lavocedelpaese.info\/index.php\/wp-json\/wp\/v2\/posts"}],"about":[{"href":"https:\/\/noicattaro.lavocedelpaese.info\/index.php\/wp-json\/wp\/v2\/types\/post"}],"author":[{"embeddable":true,"href":"https:\/\/noicattaro.lavocedelpaese.info\/index.php\/wp-json\/wp\/v2\/users\/1"}],"replies":[{"embeddable":true,"href":"https:\/\/noicattaro.lavocedelpaese.info\/index.php\/wp-json\/wp\/v2\/comments?post=1033"}],"version-history":[{"count":1,"href":"https:\/\/noicattaro.lavocedelpaese.info\/index.php\/wp-json\/wp\/v2\/posts\/1033\/revisions"}],"predecessor-version":[{"id":1035,"href":"https:\/\/noicattaro.lavocedelpaese.info\/index.php\/wp-json\/wp\/v2\/posts\/1033\/revisions\/1035"}],"wp:featuredmedia":[{"embeddable":true,"href":"https:\/\/noicattaro.lavocedelpaese.info\/index.php\/wp-json\/wp\/v2\/media\/1034"}],"wp:attachment":[{"href":"https:\/\/noicattaro.lavocedelpaese.info\/index.php\/wp-json\/wp\/v2\/media?parent=1033"}],"wp:term":[{"taxonomy":"category","embeddable":true,"href":"https:\/\/noicattaro.lavocedelpaese.info\/index.php\/wp-json\/wp\/v2\/categories?post=1033"},{"taxonomy":"post_tag","embeddable":true,"href":"https:\/\/noicattaro.lavocedelpaese.info\/index.php\/wp-json\/wp\/v2\/tags?post=1033"}],"curies":[{"name":"wp","href":"https:\/\/api.w.org\/{rel}","templated":true}]}}