{"id":1051,"date":"2023-02-10T08:18:16","date_gmt":"2023-02-10T08:18:16","guid":{"rendered":"https:\/\/lavocedelpaese.info\/index.php\/2023\/02\/10\/giorno-del-ricordo-il-messaggio-del-sindaco\/"},"modified":"2023-02-10T08:18:16","modified_gmt":"2023-02-10T08:18:16","slug":"giorno-del-ricordo-il-messaggio-del-sindaco","status":"publish","type":"post","link":"https:\/\/noicattaro.lavocedelpaese.info\/index.php\/2023\/02\/10\/giorno-del-ricordo-il-messaggio-del-sindaco\/","title":{"rendered":"\u201cGiorno del ricordo\u201d, il messaggio del Sindaco"},"content":{"rendered":"<p>\u00a0<\/p>\n<p>\u200b\u00a0<\/p>\n<p>\u200bCassano \u2013 La Voce del Paese\u00a0<\/p>\n<p>Cari concittadini, il \u201cGiorno del Ricordo\u201d nasce per conservare e rinnovare la memoria del dramma di tutte le vittime delle foibe e dell\u2019esodo degli istriani, dei fiumani, dei giuliani e dei dalmati nel secondo dopoguerra.<\/p>\n<p>Alla durissima occupazione nazi-fascista di quei territori, dove per lunghissimo coesistettero popoli e culture molto diverse, segu\u00ec poi la brutale violenza di Tito, che scaten\u00f2 su italiani inermi la rivalsa fra il 1943 e il 1945. La volont\u00e0 di epurazione su base etnica e sciovinistica fu alla base di questa assurda tragedia nelle zone del confine italo-slavo, l\u2019ennesimo frutto della ideologia nazionalistica che ha caratterizzato la storia del secolo scorso: alcuni popoli sono passati dal dominio nazista al giogo comunista conoscendo sulla loro pelle tutte le azioni disumane dei grandi totalitarismi del XX secolo, cos\u00ec diversi per l\u2019ideologia ma cos\u00ec affini nei sistemi di persecuzione, repressione, controllo e dunque anche eliminazione degli oppositori.<\/p>\n<p>Le violenze e le sofferenze subite dagli esuli non vanno dimenticate e sminuite poich\u00e9 fan parte della nostra storia, rappresentano anch\u2019esse un capitolo indelebile. Come per la Shoah anche questa \u00e8 una ferita ancora aperta che ci ricorda quali rischi pu\u00f2 portare l\u2019avversione ideologica e l\u2019odio etnico.<\/p>\n<p>Le foibe restano un simbolo doloroso di tragici anni ricchi di avvenimenti in parte ancora sconosciuti, incompresi, e che non mancano mai purtroppo di raccontare vicende di assurda ed immensa ostilit\u00e0, brutalit\u00e0, sofferenza, morte.<\/p>\n<p>Quei drammatici eventi vanno sempre tenuti presenti nella nostra memoria e come per le altre tragedie del Novecento vanno ricordati alle nuove generazioni, affinch\u00e9 tutto questo non si ripeta in futuro.<\/p>\n<p>Le vere insidie oggi sono da un lato l\u2019indifferenza, il disinteresse, l\u2019insensibilit\u00e0, e dall\u2019altro l\u2019odio, la cattiveria e l\u2019analfabetismo emotivo che portano ad episodi di discriminazione di genere e razzismo. Queste insidie nascono spesso della mancata conoscenza dei tristi eventi che ci insegnano come la discriminazione e la vendetta, a qualunque titolo esercitati, producono solo odio e violenza. Ma anche da linguaggi che sollecitano nella societ\u00e0 civile il sospetto e la paura verso colui che non rientra nella piccola cerchia del proprio gruppo di appartenenza, della propria trib\u00f9, con l\u2019obiettivo di distinguersi celebrando il proprio orgoglio identitario.<\/p>\n<p>Rinnovare la memoria delle foibe e contribuire ad una loro lettura storica corretta \u00e8 alla base di una autentica rappacificazione che allontani per sempre ogni ipotesi di discriminazione: per ritrovarci tutti insieme, sotto la bandiera della libert\u00e0, una libert\u00e0 che consegna ad ogni essere umano il diritto di essere diverso, per nascita o per scelta.<\/p>\n<p class=\"has-text-align-right\"><strong>IL SINDACO<\/strong><\/p>\n<p class=\"has-text-align-right\"><strong>Ing. Davide Del Re<\/strong><\/p>\n\n<p><a class=\"a2a_button_facebook\" href=\"https:\/\/www.addtoany.com\/add_to\/facebook?linkurl=https%3A%2F%2Fcassano.lavocedelpaese.info%2Findex.php%2F2023%2F02%2F10%2Fgiorno-del-ricordo-il-messaggio-del-sindaco%2F&amp;linkname=%E2%80%9CGiorno%20del%20ricordo%E2%80%9D%2C%20il%20messaggio%20del%20Sindaco\" title=\"Facebook\" target=\"_blank\" rel=\"noopener\"><\/a><a class=\"a2a_button_twitter\" href=\"https:\/\/www.addtoany.com\/add_to\/twitter?linkurl=https%3A%2F%2Fcassano.lavocedelpaese.info%2Findex.php%2F2023%2F02%2F10%2Fgiorno-del-ricordo-il-messaggio-del-sindaco%2F&amp;linkname=%E2%80%9CGiorno%20del%20ricordo%E2%80%9D%2C%20il%20messaggio%20del%20Sindaco\" title=\"Twitter\" target=\"_blank\" rel=\"noopener\"><\/a><a class=\"a2a_button_whatsapp\" href=\"https:\/\/www.addtoany.com\/add_to\/whatsapp?linkurl=https%3A%2F%2Fcassano.lavocedelpaese.info%2Findex.php%2F2023%2F02%2F10%2Fgiorno-del-ricordo-il-messaggio-del-sindaco%2F&amp;linkname=%E2%80%9CGiorno%20del%20ricordo%E2%80%9D%2C%20il%20messaggio%20del%20Sindaco\" title=\"WhatsApp\" target=\"_blank\" rel=\"noopener\"><\/a><a class=\"a2a_button_telegram\" href=\"https:\/\/www.addtoany.com\/add_to\/telegram?linkurl=https%3A%2F%2Fcassano.lavocedelpaese.info%2Findex.php%2F2023%2F02%2F10%2Fgiorno-del-ricordo-il-messaggio-del-sindaco%2F&amp;linkname=%E2%80%9CGiorno%20del%20ricordo%E2%80%9D%2C%20il%20messaggio%20del%20Sindaco\" title=\"Telegram\" target=\"_blank\" rel=\"noopener\"><\/a><a class=\"a2a_button_email\" href=\"https:\/\/www.addtoany.com\/add_to\/email?linkurl=https%3A%2F%2Fcassano.lavocedelpaese.info%2Findex.php%2F2023%2F02%2F10%2Fgiorno-del-ricordo-il-messaggio-del-sindaco%2F&amp;linkname=%E2%80%9CGiorno%20del%20ricordo%E2%80%9D%2C%20il%20messaggio%20del%20Sindaco\" title=\"Email\" target=\"_blank\" rel=\"noopener\"><\/a><\/p>\n<p>\u00a0<\/p>","protected":false},"excerpt":{"rendered":"<p>\u00a0 \u200b\u00a0 \u200bCassano \u2013 La Voce del Paese\u00a0 Cari concittadini, il \u201cGiorno del Ricordo\u201d nasce per conservare e rinnovare la<\/p>\n","protected":false},"author":0,"featured_media":0,"comment_status":"open","ping_status":"closed","sticky":false,"template":"","format":"standard","meta":{"colormag_page_container_layout":"default_layout","colormag_page_sidebar_layout":"default_layout","_monsterinsights_skip_tracking":false,"_monsterinsights_sitenote_active":false,"_monsterinsights_sitenote_note":"","_monsterinsights_sitenote_category":0,"footnotes":""},"categories":[1],"tags":[],"class_list":["post-1051","post","type-post","status-publish","format-standard","hentry","category-uncategorized"],"_links":{"self":[{"href":"https:\/\/noicattaro.lavocedelpaese.info\/index.php\/wp-json\/wp\/v2\/posts\/1051","targetHints":{"allow":["GET"]}}],"collection":[{"href":"https:\/\/noicattaro.lavocedelpaese.info\/index.php\/wp-json\/wp\/v2\/posts"}],"about":[{"href":"https:\/\/noicattaro.lavocedelpaese.info\/index.php\/wp-json\/wp\/v2\/types\/post"}],"replies":[{"embeddable":true,"href":"https:\/\/noicattaro.lavocedelpaese.info\/index.php\/wp-json\/wp\/v2\/comments?post=1051"}],"version-history":[{"count":0,"href":"https:\/\/noicattaro.lavocedelpaese.info\/index.php\/wp-json\/wp\/v2\/posts\/1051\/revisions"}],"wp:attachment":[{"href":"https:\/\/noicattaro.lavocedelpaese.info\/index.php\/wp-json\/wp\/v2\/media?parent=1051"}],"wp:term":[{"taxonomy":"category","embeddable":true,"href":"https:\/\/noicattaro.lavocedelpaese.info\/index.php\/wp-json\/wp\/v2\/categories?post=1051"},{"taxonomy":"post_tag","embeddable":true,"href":"https:\/\/noicattaro.lavocedelpaese.info\/index.php\/wp-json\/wp\/v2\/tags?post=1051"}],"curies":[{"name":"wp","href":"https:\/\/api.w.org\/{rel}","templated":true}]}}