{"id":1170,"date":"2023-02-25T10:30:12","date_gmt":"2023-02-25T10:30:12","guid":{"rendered":"https:\/\/lavocedelpaese.info\/index.php\/2023\/02\/25\/primarie-pd-si-vota-domenica-26\/"},"modified":"2023-02-25T10:30:12","modified_gmt":"2023-02-25T10:30:12","slug":"primarie-pd-si-vota-domenica-26","status":"publish","type":"post","link":"https:\/\/noicattaro.lavocedelpaese.info\/index.php\/2023\/02\/25\/primarie-pd-si-vota-domenica-26\/","title":{"rendered":"Primarie PD, si vota domenica 26"},"content":{"rendered":"<p>\u00a0<\/p>\n<p>\u200b\u00a0<\/p>\n<p>\u200bTuri \u2013 La Voce del Paese\u00a0<\/p>\n<p>Domenica 26 febbraio si giocher\u00e0 l\u2019ultimo atto della corsa alla segreteria nazionale del Partito Democratico, che vede candidati Stefano Bonaccini e Elly Schlein.<\/p>\n<p>Il seggio, allestito presso sede del circolo locale, sar\u00e0 aperto dalle 8 alle 20; potranno votare i cittadini che abbiano compiuto 16 anni di et\u00e0, esibendo un documento di riconoscimento e la tessera elettorale. Ad ogni elettore, inoltre, \u00e8 richiesto un contributo di 2 euro per coprire le spese organizzative.<\/p>\n<p>\u00abQuello che spero per le primarie di domenica 26 \u2013 commenta il segretario cittadino, Lilli Susca \u2013\u00a0 \u00e8 che ci sia una buona partecipazione da parte dei cittadini turesi che si riconoscono negli ideali di centro-sinistra e che qualunque decisione essi prendano, qualunque mozione decidano di sostenere, lo facciano pensando al futuro del Partito Democratico e del nostro Paese\u00bb.<\/p>\n\n<p><a class=\"a2a_button_facebook\" href=\"https:\/\/www.addtoany.com\/add_to\/facebook?linkurl=https%3A%2F%2Fturi.lavocedelpaese.info%2Fprimarie-pd-si-vota-domenica-26%2F&amp;linkname=Primarie%20PD%2C%20si%20vota%20domenica%2026\" title=\"Facebook\" target=\"_blank\" rel=\"noopener\"><\/a><a class=\"a2a_button_twitter\" href=\"https:\/\/www.addtoany.com\/add_to\/twitter?linkurl=https%3A%2F%2Fturi.lavocedelpaese.info%2Fprimarie-pd-si-vota-domenica-26%2F&amp;linkname=Primarie%20PD%2C%20si%20vota%20domenica%2026\" title=\"Twitter\" target=\"_blank\" rel=\"noopener\"><\/a><a class=\"a2a_button_whatsapp\" href=\"https:\/\/www.addtoany.com\/add_to\/whatsapp?linkurl=https%3A%2F%2Fturi.lavocedelpaese.info%2Fprimarie-pd-si-vota-domenica-26%2F&amp;linkname=Primarie%20PD%2C%20si%20vota%20domenica%2026\" title=\"WhatsApp\" target=\"_blank\" rel=\"noopener\"><\/a><a class=\"a2a_button_telegram\" href=\"https:\/\/www.addtoany.com\/add_to\/telegram?linkurl=https%3A%2F%2Fturi.lavocedelpaese.info%2Fprimarie-pd-si-vota-domenica-26%2F&amp;linkname=Primarie%20PD%2C%20si%20vota%20domenica%2026\" title=\"Telegram\" target=\"_blank\" rel=\"noopener\"><\/a><a class=\"a2a_button_email\" href=\"https:\/\/www.addtoany.com\/add_to\/email?linkurl=https%3A%2F%2Fturi.lavocedelpaese.info%2Fprimarie-pd-si-vota-domenica-26%2F&amp;linkname=Primarie%20PD%2C%20si%20vota%20domenica%2026\" title=\"Email\" target=\"_blank\" rel=\"noopener\"><\/a><\/p>\n<p>\u00a0<\/p>","protected":false},"excerpt":{"rendered":"<p>\u00a0 \u200b\u00a0 \u200bTuri \u2013 La Voce del Paese\u00a0 Domenica 26 febbraio si giocher\u00e0 l\u2019ultimo atto della corsa alla segreteria nazionale<\/p>\n","protected":false},"author":0,"featured_media":0,"comment_status":"open","ping_status":"closed","sticky":false,"template":"","format":"standard","meta":{"colormag_page_container_layout":"default_layout","colormag_page_sidebar_layout":"default_layout","_monsterinsights_skip_tracking":false,"_monsterinsights_sitenote_active":false,"_monsterinsights_sitenote_note":"","_monsterinsights_sitenote_category":0,"footnotes":""},"categories":[1],"tags":[],"class_list":["post-1170","post","type-post","status-publish","format-standard","hentry","category-uncategorized"],"_links":{"self":[{"href":"https:\/\/noicattaro.lavocedelpaese.info\/index.php\/wp-json\/wp\/v2\/posts\/1170","targetHints":{"allow":["GET"]}}],"collection":[{"href":"https:\/\/noicattaro.lavocedelpaese.info\/index.php\/wp-json\/wp\/v2\/posts"}],"about":[{"href":"https:\/\/noicattaro.lavocedelpaese.info\/index.php\/wp-json\/wp\/v2\/types\/post"}],"replies":[{"embeddable":true,"href":"https:\/\/noicattaro.lavocedelpaese.info\/index.php\/wp-json\/wp\/v2\/comments?post=1170"}],"version-history":[{"count":0,"href":"https:\/\/noicattaro.lavocedelpaese.info\/index.php\/wp-json\/wp\/v2\/posts\/1170\/revisions"}],"wp:attachment":[{"href":"https:\/\/noicattaro.lavocedelpaese.info\/index.php\/wp-json\/wp\/v2\/media?parent=1170"}],"wp:term":[{"taxonomy":"category","embeddable":true,"href":"https:\/\/noicattaro.lavocedelpaese.info\/index.php\/wp-json\/wp\/v2\/categories?post=1170"},{"taxonomy":"post_tag","embeddable":true,"href":"https:\/\/noicattaro.lavocedelpaese.info\/index.php\/wp-json\/wp\/v2\/tags?post=1170"}],"curies":[{"name":"wp","href":"https:\/\/api.w.org\/{rel}","templated":true}]}}