{"id":1193,"date":"2023-03-04T14:54:15","date_gmt":"2023-03-04T14:54:15","guid":{"rendered":"https:\/\/lavocedelpaese.info\/index.php\/2023\/03\/04\/lopportunita-della-zes-incontro-ad-acquaviva-con-il-commissario-guadagnuolo\/"},"modified":"2023-03-04T14:54:15","modified_gmt":"2023-03-04T14:54:15","slug":"lopportunita-della-zes-incontro-ad-acquaviva-con-il-commissario-guadagnuolo","status":"publish","type":"post","link":"https:\/\/noicattaro.lavocedelpaese.info\/index.php\/2023\/03\/04\/lopportunita-della-zes-incontro-ad-acquaviva-con-il-commissario-guadagnuolo\/","title":{"rendered":"L\u2019opportunit\u00e0 della ZES: incontro ad Acquaviva con il commissario Guadagnuolo"},"content":{"rendered":"<p>\u00a0<\/p>\n<p>\u200b\u00a0<\/p>\n<p>\u200bAcquaviva \u2013 La Voce del Paese\u00a0<\/p>\n<p>In alcune citt\u00e0 pugliesi le zone economiche speciali sono gi\u00e0 partite, per altre si prevede la pubblicazione di un avviso pubblico che consentir\u00e0 alle amministrazioni comunali di candidare progetti di insediamento presentati dalle aziende interessate. I beneficiari potranno godere di agevolazioni fiscali e di semplificazioni nelle procedure. Per questo, luned\u00ec 6 marzo il commissario straordinario per la Zes Adriatica Puglia-Molise, Manlio Guadagnuolo, sar\u00e0 ad Acquaviva delle Fonti per un incontro organizzato dall\u2019Amministrazione comunale (alle 17 nel salone delle Feste di Palazzo De Mari, sede del Municipio) sulle opportunit\u00e0 della Zes per gli imprenditori del territorio. Moderer\u00e0 il giornalista del Sole 24 Ore Vincenzo Rutigliano. All\u2019incontro porger\u00e0 i saluti istituzionali il sindaco Davide Carlucci e i primi cittadini di Cassano Murge Davide Del Re, di Gioia del Colle Giovanni Mastrangelo e di Sammichele di Bari, Lorenzo Netti. Interverr\u00e0 Federico Pirro, coordinatore scientifico del Cesdim, Centro studi e documentazione sull\u2019industria nel Mezzogiorno.<\/p>\n<p><a class=\"a2a_button_facebook\" href=\"https:\/\/www.addtoany.com\/add_to\/facebook?linkurl=https%3A%2F%2Facquaviva.lavocedelpaese.info%2Findex.php%2F2023%2F03%2F04%2Flopportunita-della-zes-incontro-ad-acquaviva-con-il-commissario-guadagnuolo%2F&amp;linkname=L%E2%80%99opportunit%C3%A0%20della%20ZES%3A%20incontro%20ad%20Acquaviva%20con%20il%20commissario%20Guadagnuolo\" title=\"Facebook\" target=\"_blank\" rel=\"noopener\"><\/a><a class=\"a2a_button_twitter\" href=\"https:\/\/www.addtoany.com\/add_to\/twitter?linkurl=https%3A%2F%2Facquaviva.lavocedelpaese.info%2Findex.php%2F2023%2F03%2F04%2Flopportunita-della-zes-incontro-ad-acquaviva-con-il-commissario-guadagnuolo%2F&amp;linkname=L%E2%80%99opportunit%C3%A0%20della%20ZES%3A%20incontro%20ad%20Acquaviva%20con%20il%20commissario%20Guadagnuolo\" title=\"Twitter\" target=\"_blank\" rel=\"noopener\"><\/a><a class=\"a2a_button_whatsapp\" href=\"https:\/\/www.addtoany.com\/add_to\/whatsapp?linkurl=https%3A%2F%2Facquaviva.lavocedelpaese.info%2Findex.php%2F2023%2F03%2F04%2Flopportunita-della-zes-incontro-ad-acquaviva-con-il-commissario-guadagnuolo%2F&amp;linkname=L%E2%80%99opportunit%C3%A0%20della%20ZES%3A%20incontro%20ad%20Acquaviva%20con%20il%20commissario%20Guadagnuolo\" title=\"WhatsApp\" target=\"_blank\" rel=\"noopener\"><\/a><a class=\"a2a_button_telegram\" href=\"https:\/\/www.addtoany.com\/add_to\/telegram?linkurl=https%3A%2F%2Facquaviva.lavocedelpaese.info%2Findex.php%2F2023%2F03%2F04%2Flopportunita-della-zes-incontro-ad-acquaviva-con-il-commissario-guadagnuolo%2F&amp;linkname=L%E2%80%99opportunit%C3%A0%20della%20ZES%3A%20incontro%20ad%20Acquaviva%20con%20il%20commissario%20Guadagnuolo\" title=\"Telegram\" target=\"_blank\" rel=\"noopener\"><\/a><a class=\"a2a_button_email\" href=\"https:\/\/www.addtoany.com\/add_to\/email?linkurl=https%3A%2F%2Facquaviva.lavocedelpaese.info%2Findex.php%2F2023%2F03%2F04%2Flopportunita-della-zes-incontro-ad-acquaviva-con-il-commissario-guadagnuolo%2F&amp;linkname=L%E2%80%99opportunit%C3%A0%20della%20ZES%3A%20incontro%20ad%20Acquaviva%20con%20il%20commissario%20Guadagnuolo\" title=\"Email\" target=\"_blank\" rel=\"noopener\"><\/a><\/p>\n<p>\u00a0<\/p>","protected":false},"excerpt":{"rendered":"<p>\u00a0 \u200b\u00a0 \u200bAcquaviva \u2013 La Voce del Paese\u00a0 In alcune citt\u00e0 pugliesi le zone economiche speciali sono gi\u00e0 partite, per<\/p>\n","protected":false},"author":0,"featured_media":0,"comment_status":"open","ping_status":"closed","sticky":false,"template":"","format":"standard","meta":{"colormag_page_container_layout":"default_layout","colormag_page_sidebar_layout":"default_layout","_monsterinsights_skip_tracking":false,"_monsterinsights_sitenote_active":false,"_monsterinsights_sitenote_note":"","_monsterinsights_sitenote_category":0,"footnotes":""},"categories":[1],"tags":[],"class_list":["post-1193","post","type-post","status-publish","format-standard","hentry","category-uncategorized"],"_links":{"self":[{"href":"https:\/\/noicattaro.lavocedelpaese.info\/index.php\/wp-json\/wp\/v2\/posts\/1193","targetHints":{"allow":["GET"]}}],"collection":[{"href":"https:\/\/noicattaro.lavocedelpaese.info\/index.php\/wp-json\/wp\/v2\/posts"}],"about":[{"href":"https:\/\/noicattaro.lavocedelpaese.info\/index.php\/wp-json\/wp\/v2\/types\/post"}],"replies":[{"embeddable":true,"href":"https:\/\/noicattaro.lavocedelpaese.info\/index.php\/wp-json\/wp\/v2\/comments?post=1193"}],"version-history":[{"count":0,"href":"https:\/\/noicattaro.lavocedelpaese.info\/index.php\/wp-json\/wp\/v2\/posts\/1193\/revisions"}],"wp:attachment":[{"href":"https:\/\/noicattaro.lavocedelpaese.info\/index.php\/wp-json\/wp\/v2\/media?parent=1193"}],"wp:term":[{"taxonomy":"category","embeddable":true,"href":"https:\/\/noicattaro.lavocedelpaese.info\/index.php\/wp-json\/wp\/v2\/categories?post=1193"},{"taxonomy":"post_tag","embeddable":true,"href":"https:\/\/noicattaro.lavocedelpaese.info\/index.php\/wp-json\/wp\/v2\/tags?post=1193"}],"curies":[{"name":"wp","href":"https:\/\/api.w.org\/{rel}","templated":true}]}}