{"id":1199,"date":"2023-03-07T07:18:02","date_gmt":"2023-03-07T07:18:02","guid":{"rendered":"https:\/\/lavocedelpaese.info\/index.php\/2023\/03\/07\/festa-della-donna-convegno-in-comune\/"},"modified":"2023-03-07T07:18:02","modified_gmt":"2023-03-07T07:18:02","slug":"festa-della-donna-convegno-in-comune","status":"publish","type":"post","link":"https:\/\/noicattaro.lavocedelpaese.info\/index.php\/2023\/03\/07\/festa-della-donna-convegno-in-comune\/","title":{"rendered":"Festa della donna: convegno in Comune"},"content":{"rendered":"<p>\u00a0<\/p>\n<p>\u200b\u00a0<\/p>\n<p>\u200bCassano \u2013 La Voce del Paese\u00a0<\/p>\n<p>Nonostante gli enormi progressi che sono stati fatti in questi anni, le donne continuano a subire discriminazioni e disuguaglianze in molti aspetti della vita, dal campo lavorativo alle relazioni interpersonali, dall\u2019accesso alle risorse all\u2019esercizio dei propri diritti.<\/p>\n<p>Molte donne oggi hanno piena consapevolezza che ci sono ancora molte conquiste da fare per raggiungere una piena parit\u00e0 di genere e per questo non si arrendono e sono spinte da forte determinazione nel combattere le ingiustizie ancora esistenti senza accettare compromessi quando si tratta di difendere i propri diritti. Queste donne sono fonte di ispirazione per molte altre, perch\u00e9 dimostrano che \u00e8 possibile lottare per il cambiamento e che ogni passo in avanti \u00e8 importante per tutte. Se ne parla\u00a0mercoled\u00ec 8 marzo 2023,\u00a0in occasione della Giornata Internazionale della Donna, all\u2019incontro organizzato dal Comune di Cassano delle Murge sul tema\u00a0<strong>\u201c\u00c8 un paese per donne l\u2019Italia? Diritti, nuove sfide e problemi di disuguaglianza di genere\u201d,<\/strong>\u00a0presso la Sala Conferenze del Palazzo Miani \u2013 Perotti.<\/p>\n<p>SALUTI<\/p>\n<p><strong>Davide Del Re,<\/strong>\u00a0Sindaco di Cassano delle Murge<\/p>\n<p><strong>Vito Lionetti,<\/strong>\u00a0Assessore alla Cultura Cassano delle Murge<\/p>\n<p>INTRODUZIONE<\/p>\n<p><strong>Rossana Angiulo,<\/strong>\u00a0Consigliere Comunale Cassano delle Murge<\/p>\n<p>INTERVENGONO<\/p>\n<p><strong>Rosa Barone,<\/strong>\u00a0Assessore al Welfare Regione Puglia<\/p>\n<p><strong>Salvatore D\u2019Aluiso,<\/strong>\u00a0Presidente Ordine Avvocati Bari<\/p>\n<p><strong>Vicky Gravinese,<\/strong>\u00a0Dott.ssa in Beni Enogastronomici<\/p>\n<p>CONCLUSIONI<\/p>\n<p><strong>Enza Battista,<\/strong>\u00a0Assessore ai Servizi Sociali Cassano delle Murge<\/p>\n<p>MODERA<\/p>\n<p><strong>Maria Simone,<\/strong>\u00a0Vice Presidente Federazione Italiana dei Club e Centri per l\u2019UNESCO<\/p>\n<p><a class=\"a2a_button_facebook\" href=\"https:\/\/www.addtoany.com\/add_to\/facebook?linkurl=https%3A%2F%2Fcassano.lavocedelpaese.info%2Findex.php%2F2023%2F03%2F07%2Ffesta-della-donna-convegno-in-comune%2F&amp;linkname=Festa%20della%20donna%3A%20convegno%20in%20Comune\" title=\"Facebook\" target=\"_blank\" rel=\"noopener\"><\/a><a class=\"a2a_button_twitter\" href=\"https:\/\/www.addtoany.com\/add_to\/twitter?linkurl=https%3A%2F%2Fcassano.lavocedelpaese.info%2Findex.php%2F2023%2F03%2F07%2Ffesta-della-donna-convegno-in-comune%2F&amp;linkname=Festa%20della%20donna%3A%20convegno%20in%20Comune\" title=\"Twitter\" target=\"_blank\" rel=\"noopener\"><\/a><a class=\"a2a_button_whatsapp\" href=\"https:\/\/www.addtoany.com\/add_to\/whatsapp?linkurl=https%3A%2F%2Fcassano.lavocedelpaese.info%2Findex.php%2F2023%2F03%2F07%2Ffesta-della-donna-convegno-in-comune%2F&amp;linkname=Festa%20della%20donna%3A%20convegno%20in%20Comune\" title=\"WhatsApp\" target=\"_blank\" rel=\"noopener\"><\/a><a class=\"a2a_button_telegram\" href=\"https:\/\/www.addtoany.com\/add_to\/telegram?linkurl=https%3A%2F%2Fcassano.lavocedelpaese.info%2Findex.php%2F2023%2F03%2F07%2Ffesta-della-donna-convegno-in-comune%2F&amp;linkname=Festa%20della%20donna%3A%20convegno%20in%20Comune\" title=\"Telegram\" target=\"_blank\" rel=\"noopener\"><\/a><a class=\"a2a_button_email\" href=\"https:\/\/www.addtoany.com\/add_to\/email?linkurl=https%3A%2F%2Fcassano.lavocedelpaese.info%2Findex.php%2F2023%2F03%2F07%2Ffesta-della-donna-convegno-in-comune%2F&amp;linkname=Festa%20della%20donna%3A%20convegno%20in%20Comune\" title=\"Email\" target=\"_blank\" rel=\"noopener\"><\/a><\/p>\n<p>\u00a0<\/p>","protected":false},"excerpt":{"rendered":"<p>\u00a0 \u200b\u00a0 \u200bCassano \u2013 La Voce del Paese\u00a0 Nonostante gli enormi progressi che sono stati fatti in questi anni, le<\/p>\n","protected":false},"author":0,"featured_media":0,"comment_status":"open","ping_status":"closed","sticky":false,"template":"","format":"standard","meta":{"colormag_page_container_layout":"default_layout","colormag_page_sidebar_layout":"default_layout","_monsterinsights_skip_tracking":false,"_monsterinsights_sitenote_active":false,"_monsterinsights_sitenote_note":"","_monsterinsights_sitenote_category":0,"footnotes":""},"categories":[1],"tags":[],"class_list":["post-1199","post","type-post","status-publish","format-standard","hentry","category-uncategorized"],"_links":{"self":[{"href":"https:\/\/noicattaro.lavocedelpaese.info\/index.php\/wp-json\/wp\/v2\/posts\/1199","targetHints":{"allow":["GET"]}}],"collection":[{"href":"https:\/\/noicattaro.lavocedelpaese.info\/index.php\/wp-json\/wp\/v2\/posts"}],"about":[{"href":"https:\/\/noicattaro.lavocedelpaese.info\/index.php\/wp-json\/wp\/v2\/types\/post"}],"replies":[{"embeddable":true,"href":"https:\/\/noicattaro.lavocedelpaese.info\/index.php\/wp-json\/wp\/v2\/comments?post=1199"}],"version-history":[{"count":0,"href":"https:\/\/noicattaro.lavocedelpaese.info\/index.php\/wp-json\/wp\/v2\/posts\/1199\/revisions"}],"wp:attachment":[{"href":"https:\/\/noicattaro.lavocedelpaese.info\/index.php\/wp-json\/wp\/v2\/media?parent=1199"}],"wp:term":[{"taxonomy":"category","embeddable":true,"href":"https:\/\/noicattaro.lavocedelpaese.info\/index.php\/wp-json\/wp\/v2\/categories?post=1199"},{"taxonomy":"post_tag","embeddable":true,"href":"https:\/\/noicattaro.lavocedelpaese.info\/index.php\/wp-json\/wp\/v2\/tags?post=1199"}],"curies":[{"name":"wp","href":"https:\/\/api.w.org\/{rel}","templated":true}]}}