{"id":1201,"date":"2023-03-07T08:16:26","date_gmt":"2023-03-07T08:16:26","guid":{"rendered":"https:\/\/lavocedelpaese.info\/index.php\/2023\/03\/07\/la-banda-di-turi-suona-per-lomicidio-caracciolo\/"},"modified":"2023-03-07T08:16:26","modified_gmt":"2023-03-07T08:16:26","slug":"la-banda-di-turi-suona-per-lomicidio-caracciolo","status":"publish","type":"post","link":"https:\/\/noicattaro.lavocedelpaese.info\/index.php\/2023\/03\/07\/la-banda-di-turi-suona-per-lomicidio-caracciolo\/","title":{"rendered":"La Banda di Turi suona per \u201cL\u2019Omicidio Caracciolo\u201d"},"content":{"rendered":"<p>\u00a0<\/p>\n<p>\u200b\u00a0<\/p>\n<p>\u200bTuri \u2013 La Voce del Paese\u00a0<\/p>\n<p class=\"has-text-align-center\"><strong>La Banda Cittadina \u201cDon Giovanni Cipriani\u201d ha impreziosito la presentazione del saggio di Stefano de Carolis presso la storica Libreria Laterza di Bari, ritornando a far vibrare il \u2018cappello cinese\u2019, l\u2019antico strumento suonato nelle prime bande da giro dell\u2019800<\/strong><\/p>\n<p>L\u2019ultima fatica letteraria di Stefano de Carolis \u00e8 entrata nello spazio sacro dell\u2019editoria pugliese: lo scorso 6 febbraio, infatti, il saggio storico \u201cL\u2019Omicidio Caracciolo\u201d (Carta Bianca edizioni) \u00e8 stato presentato all\u2019interno della storica \u2018Libreria Laterza\u2019 di Bari.<\/p>\n<p>La serata, moderata dal giornalista Valentino Sgaramella, \u00e8 stata aperta dalle note della Banda Cittadina \u201cDon Giovanni Cipriani\u201d che, sfidando il freddo glaciale, ha sfilato lungo la centralissima via Sparano, per poi fare il suo ingresso trionfale in libreria. Qui, la formazione musicale turese, diretta per l\u2019occasione dal M\u00b0 Fabio Tassinari, ha dato vita ad un breve ma intenso concerto, segnando un primato di tutto rispetto: per la prima volta una Banda Cittadina si \u00e8 esibita all\u2019interno della storica libreria barese. A questo si aggiunge un secondo apprezzabile traguardo: dopo due secoli di silenzio, la nostra Banda ha fatto nuovamente vibrare il \u201ccappello cinese\u201d, l\u2019antico strumento musicale, in uso nelle prime bande da giro dell\u2019800, giunto direttamente da Lecce, grazie alla cortesia del collezionista Francesco Spada, referente dell\u2019omonima \u201cCasa-Museo\u201d.<\/p>\n<h4><strong>Prof. Introna<\/strong><br \/><strong>L\u2019autopsia dell\u2019eccellente omicidio<\/strong><\/h4>\n<p>Prima di passare la parola ai protagonisti della presentazione, va rilevato l\u2019intervento del prof. Francesco Introna, luminare della medicina legale, che ha ricostruito le fasi dell\u2019eccellente assassinio di Paolo Caracciolo, studiando gli atti della perizia autoptica originaria: \u00abL\u2019esame obiettivo eseguito nel 1815 \u00e8 sostanzialmente analogo a quello che facciamo oggi, il che vuol dire che, rispetto a due secoli fa, non siamo migliorati molto\u00bb \u2013 annota sarcasticamente Introna, aggiungendo che \u00abl\u2019accuratezza della storica perizia ci permette di ricostruire con precisione le dinamiche dell\u2019omicidio, rispondendo a domande che all\u2019epoca rimasero inevase: quanti colpi furono esplosi, a che distanza erano i sicari e quali mezzi furono utilizzati\u00bb.<\/p>\n<div class=\"wp-block-image\">\nScheda autoptica ricavata dal prof. Introna<br \/>in base al verbale autoptico del 1814<\/div>\n<h4><strong>Stefano de Carolis <\/strong><br \/><strong>\u201cTuri: una banda \u2018da giro\u2019 tra le pi\u00f9 antiche di Puglia\u201d<\/strong><\/h4>\n<p>\u00abIl libro \u2013 dichiara de Carolis \u2013 \u00e8 il frutto dello studio di circa mille manoscritti datati 1814, racchiusi in un faldone custodito presso l\u2019Archivio di Stato di Trani consultato solo da due persone: il prof. Giovanni Bruno e il sottoscritto\u00bb.<\/p>\n<p>\u00abL\u2019intento del saggio \u2013 prosegue \u2013 \u00e8 approfondire una delle pi\u00f9 oscure vicende storiche che interessarono la Terra di Bari nei primi due decenni del XIX secolo: il brutale assassinio di Paolo Caracciolo, gi\u00e0 sindaco di Turi. Il lettore ha la possibilit\u00e0 di rivivere ogni aspetto della vicenda:dalla pianificazione dell\u2019efferato omicidio all\u2019ultimo miglio percorso da Caracciolo prima di essere barbaramente ucciso; dalle fasi delle concitate indagini ai tentativi di depistaggio e alle intimidazioni; dall\u2019arresto dei due mandanti e dei quattro autori del misfatto alle esecuzioni delle condanne a morte con la ghigliottina\u00bb.<\/p>\n<p>\u00abDurante questo interessante viaggio nella storia turese di inizio Ottocento \u2013 chiosa l\u2019autore \u2013 sono emerse anche inedite notizie storiche sulla nostra comunit\u00e0. Fra tutte, mi preme evidenziare l\u2019attestazione della presenza di una banda musicale cittadina fin dalla fine del 1700: un gruppo di musicisti tutto turese, composto da nove elementi, con l\u2019indicazione dei loro nomi e cognomi, dei loro mestieri e dei rispettivi strumenti musicali. Questa \u201cscoperta\u201d, nient\u2019affatto casuale, permette di iscrivere la Citt\u00e0 di Turi nel novero dei Comuni pugliesi che tra i primi hanno visto la costituzione di una formazione musicale \u201cda giro\u201d\u00bb.<\/p>\n<div class=\"wp-block-image\">\nIn primo piano, il dott. Spada, Stefano de Caroli e Maria Laterza.<br \/>Alle spalle, il prof. Francesco Introna, il dott. Paolo Caradonna,<br \/>Valentino Sgaramella e il M\u00b0 Fabio Tassinari<\/div>\n<h4><strong>Fabio Tassinari<\/strong><br \/><strong>Il valore della riscoperta del \u2018cappello cinese\u2019<\/strong><\/h4>\n<p>Come anticipato, nelle esecuzioni musicali che hanno accompagnato la presentazione del saggio, \u00e8 stato impiegato il \u201ccappello cinese\u201d. Sul valore di tale scelta sono illuminanti le dichiarazioni rilasciateci dal M\u00b0 Fabio Tassinari, Comandante della Fanfara a Cavallo dei Carabinieri di Roma.<\/p>\n<p><strong>Quali sono le origini di questo antico strumento?<\/strong><\/p>\n<p>\u00abIl \u201ccappello cinese\u201d \u00e8 uno strumento che viene da lontano, difficile da collocare in un tempo e in luogo di provenienza certo. Alcuni elementi lasciano ipotizzare che l\u2019origine del cappello cinese risalga all\u2019incontro e allo scambio tra l\u2019insegna delle legioni romane che conquistarono l\u2019Asia e i simboli appartenenti alle regioni asiatiche conquistate. Lo strumento, realizzato in ottone, presenta una sfera sormontata da un cappello che ricorda il copricapo indossato dalle popolazioni dell\u2019Asia Centrale, particolarmente abili a lavorare l\u2019ottone, materiale che per il suo colore simile all\u2019oro, la duttilit\u00e0 e la malleabilit\u00e0 \u00e8 ancora oggi un elemento fondamentale nella produzione di strumenti musicali. La sfera inserita nello strumento \u00e8 simbolo di appartenenza militare e di potere ma rappresenta anche un simbolo religioso, presente in tutti gli obelischi romani e alla base della Croce collocata in quasi tutte le chiese antiche e moderne\u00bb.<\/p>\n<p><strong>Possiamo affermare che la riscoperta del \u201ccappello cinese\u201d sia un traguardo rilevante nella storia bandistica contemporanea?<\/strong><\/p>\n<div class=\"wp-block-image\">\n<\/div>\n<p>\u00abLa riscoperta del \u201ccappello cinese\u201d \u00e8 una importante operazione culturale in quanto permette di approfondire la conoscenza di uno strumento divino, caratterizzato dalla figura dell\u2019aquila, simbolo romano per eccellenza, in molti casi neppure indicato in partitura, nonostante abbia affascinato illustri compositori musicali. J.B. Lully, J. Haydn, Beethoven, H. Berlioz, J P. Sousa sono stati attratti da uno strumento che ha vissuto la sua epopea dalla met\u00e0 del XVIII alla met\u00e0 del XIX secolo, con fortune diverse. In Italia lo strumento \u00e8 caduto in disuso dalla met\u00e0 del XIX secolo, resistendo in altri Paesi, seppur alterato nella forma e nei materiali. In Germania, Francia, Paesi Bassi e in alcune bande militari della Federazione Russa, Ucraina, Bierolussia, Arzebaigian, Kazakistan, Cile, Per\u00f9, Bolivia e Brasile ha in parte continuato la sua storia. Credo che questo breve excursus storico restituisca il valore culturale dell\u2019aver riportato a vibrare uno strumento importante della nostra storia musicale, dopo due secoli di silenzio\u00bb.<\/p>\n<p><strong>Una parte del saggio incrocia la storia della \u201cbanda da giro\u201d di Turi, retrodatandone la nascita all\u2019inizio del 1800. Come si \u00e8 modificato nel tempo il ruolo e la percezione del valore sociale delle bande cittadine?<\/strong><\/p>\n<p>\u00abIl tempo porta inevitabili trasformazioni storiche, sociali e culturali che impattano anche sul rapporto con la tradizione musicale espressa dalle bande cittadine. La musica \u00e8 sempre una manifestazione culturale al servizio della popolazione, ma \u00e8 indubbio che il ruolo delle bande cittadine oggi \u00e8 diverso da quello svolto dalle antiche \u201cbande da giro\u201d, quelle formate da eroici musicisti che si spostavano da un paese all\u2019altro per portare a domicilio una cultura musicale che altrimenti non sarebbe arrivata. Il ruolo sociale svolto dalle bande musicali cittadine \u00e8 di indiscutibile valore.\u00a0 Il fenomeno delle bande da giro, conosciuto in tutto il territorio nazionale, ha interessato in modo particolare la Puglia che ne conserva memoria e tradizione. L\u2019elemento da sottolineare \u00e8 che i componenti delle bande cittadine svolgevano anticamente altri mestieri che erano loro necessari per dedicarsi alla musica, con un rapporto riconosciuto tra l\u2019attivit\u00e0 lavorativa primaria di ogni singolo componente e la conseguente possibilit\u00e0 di avere il tempo necessario per lo studio della musica. Un altro aspetto da ricordare \u00e8 lo stretto rapporto esistente tra la banda e le istituzioni politiche, militari e religiose, rintracciabile negli esordi della banda da giro di Turi ma anche ai nostri giorni. Il ruolo e la percezione sociale delle bande cittadine si \u00e8 certamente modificato nel tempo, inserendosi nel flusso delle trasformazioni sociali e culturali, ma quello che non si \u00e8 modificato \u00e8 l\u2019espressione di un orgoglio legato al senso di una comune appartenenza, sottolineata dalle note sempreverdi di ogni banda cittadina\u00bb.<\/p>\n<div class=\"wp-block-image\">\n<\/div>\n<h4><strong>Valerio Savino<\/strong><br \/><strong>\u201cLa Banda Cittadina, ancora oggi, riveste un ruolo importante nella comunit\u00e0\u201d<\/strong><\/h4>\n<p>Grazie al contributo del M\u00b0 Valerio Savino, direttore artistico della Banda Cittadina \u201cDon Giovanni Cipriani\u201d, si riesce ad avere l\u2019esatta misura della strategicit\u00e0 dell\u2019evento barese nell\u2019ottica della promozione culturale di Turi; inoltre, si apre una doverosa riflessione sulle potenzialit\u00e0 future inaugurate dal lavoro di de Carolis.<\/p>\n<p><strong>Cosa ha rappresentato per la Banda di Turi partecipare a questo evento?<\/strong><\/p>\n<p>\u00ab\u00c8 stato un piacere e un onore presenziare con la Banda Musicale Cittadina \u201cDon Giovanni Cipriani\u201d \u2013 Citt\u00e0 di Turi alla presentazione del libro \u201cL\u2019Omicidio Caracciolo\u201d presso la storica Libreria Laterza di Bari. A quanto pare, \u00e8 stata la prima volta che una Banda Musicale si sia esibita nella Libreria Laterza e vorrei, a tal proposito, sottolineare che la Banda, ancora oggi, riveste un ruolo importante e una grande valenza in una comunit\u00e0. In questa occasione, rappresentare il Comune di Turi, per la promozione del saggio storico del nostro concittadino Stefano de Carolis, \u00e8 stato motivo di grande orgoglio.<\/p>\n<p><strong>Quali brani sono stati eseguiti?<\/strong><\/p>\n<p>\u00abSotto la direzione del M\u00b0 Fabio Tassinari, la Banda di Turi ha eseguito \u201cFratelli d\u2019Italia\u201d (musica di M. Novaro \u2013 testo di G. Mameli) e la Marcia dall\u2019Opera Ernani di G. Verdi, nella quale \u00e8 stato introdotto e suonato il rarissimo strumento a percussione il \u201cCappello Cinese\u201d, concesso dalla Casa Museo \u2013 Spada di Lecce. L\u2019esibizione si \u00e8 conclusa con l\u2019esecuzione della Marcia \u201cThe King\u201d di A. Mizzi diretta da me\u00bb.<\/p>\n<p><strong>A suo parere, qual\u2019 \u00e8 il valore aggiunto del saggio di de Carolis?<\/strong><\/p>\n<p>\u00abIl libro di Stefano de Carolis, che ho letto tutto d\u2019un fiato, frutto di un attento lavoro di ricerca e denso di numerosi particolari e minuziosi riferimenti storici, \u00e8 una fotografia di Turi degli inizi del 1800. Per puro caso, dai faldoni degli atti processuali, spuntano fuori i verbali degli interrogatori della Banda di Turi che, il 16 maggio 1814, ritornando a piedi da Noicattaro dopo aver suonato alla festa, incontra uno dei sicari nei pressi della Masseria del Purgatorio di Rutigliano. Proprio grazie alla preziosa testimonianza dei componenti della Banda Musicale di Turi, le indagini portarono all\u2019arresto e alla condanna a morte dei mandanti e degli assassini dell\u2019efferato omicidio di Paolo Caracciolo. Altra scoperta \u00e8 aver portato alla luce i nomi e i mestieri di quei primi componenti della Banda di Turi e l\u2019uso di un antico strumento a percussione appartenente alla famiglia degli idiofoni suonato nella Banda di Turi nel 1814: il \u201ccappello cinese\u201d. Il contenuto del libro \u201cL\u2019Omicidio Caracciolo\u201d di Stefano de Carolis e il grande lavoro di ricerca sulla tradizione bandistica a Turi del prof. Raffaele Valentini, racchiuso nel libro \u201cLa banda Suona Per Noi\u201d, attestano e certificano che gi\u00e0 nel 1814 a Turi era presente una Banda Musicale. Infatti, il prof. Valentini, nel suo lavoro letterario, documenta tracce storiche risalenti al 1875, con la nascita di una Banda Musicale a Turi intorno al 1884, senza per\u00f2 escludere che gi\u00e0 dai primi dell\u2019800, se non prima, come in altri centri pugliesi, era presente nel nostro paese una banda musicale\u00bb.<\/p>\n<p><strong>Guardando al futuro, ci sono progetti in cantiere?<\/strong><\/p>\n<p>\u00abLa Banda Musicale Cittadina \u201cDon Giovanni Cipriani\u201d \u2013 Citt\u00e0 di Turi dell\u2019Associazione Musicale \u201cMaria SS. Ausiliatrice\u201d di Turi \u00e8 attiva sul territorio e continua l\u2019opera di divulgazione culturale, musicale e di tutela della tradizione musicale bandistica. A breve partir\u00e0 il progetto \u201cScuola di Musica e Costituzione di una Orchestra Giovanile di Fiati\u201d, frutto di un accordo di collaborazione tra il Comune di Turi, l\u2019Associazione Musicale \u201cMaria SS. Ausiliatrice\u201d di Turi, l\u2019Istituto Comprensivo \u201cResta-De Donato Giannini\u201d di Turi e la Willy Green Technology Srl, di Castellaneta Marina (TA)\u00bb.<\/p>\n<p><strong>In cosa consister\u00e0 l\u2019iniziativa?<\/strong><\/p>\n<p>\u00abIl progetto, sostenuto economicamente dalla Willy Green Technology Srl e coordinato dal Direttore Artistico dell\u2019Associazione Musicale, \u00e8 totalmente gratuito (gli strumenti musicali saranno concessi in comodato d\u2019uso gratuito) ed \u00e8 rivolto a 25 alunni tra i 9\/10 anni e i 12\/13 anni che frequentano l\u2019Istituto Comprensivo \u201cResta-De Donato Giannini\u201d di Turi. Le finalit\u00e0 sono la promozione della conoscenza della musica, l\u2019apprendimento della teoria musicale, il potenziamento delle attivit\u00e0 di socializzazione e di aggregazione giovanile per mezzo della musica, lo studio di uno strumento musicale a fiato, il ruolo altamente socializzante svolto dalla banda al servizio della comunit\u00e0 in cui opera, l\u2019acquisizione di capacit\u00e0 logico-espressive e comunicative, lo sviluppo di capacit\u00e0 progettuali e organizzative, l\u2019orientamento dei giovani nelle scelte future per l\u2019inserimento nel mondo musicale\u00bb.<\/p>\n<p><a class=\"a2a_button_facebook\" href=\"https:\/\/www.addtoany.com\/add_to\/facebook?linkurl=https%3A%2F%2Fturi.lavocedelpaese.info%2Fla-banda-di-turi-suona-per-lomicidio-caracciolo%2F&amp;linkname=La%20Banda%20di%20Turi%20suona%20per%20%E2%80%9CL%E2%80%99Omicidio%20Caracciolo%E2%80%9D\" title=\"Facebook\" target=\"_blank\" rel=\"noopener\"><\/a><a class=\"a2a_button_twitter\" href=\"https:\/\/www.addtoany.com\/add_to\/twitter?linkurl=https%3A%2F%2Fturi.lavocedelpaese.info%2Fla-banda-di-turi-suona-per-lomicidio-caracciolo%2F&amp;linkname=La%20Banda%20di%20Turi%20suona%20per%20%E2%80%9CL%E2%80%99Omicidio%20Caracciolo%E2%80%9D\" title=\"Twitter\" target=\"_blank\" rel=\"noopener\"><\/a><a class=\"a2a_button_whatsapp\" href=\"https:\/\/www.addtoany.com\/add_to\/whatsapp?linkurl=https%3A%2F%2Fturi.lavocedelpaese.info%2Fla-banda-di-turi-suona-per-lomicidio-caracciolo%2F&amp;linkname=La%20Banda%20di%20Turi%20suona%20per%20%E2%80%9CL%E2%80%99Omicidio%20Caracciolo%E2%80%9D\" title=\"WhatsApp\" target=\"_blank\" rel=\"noopener\"><\/a><a class=\"a2a_button_telegram\" href=\"https:\/\/www.addtoany.com\/add_to\/telegram?linkurl=https%3A%2F%2Fturi.lavocedelpaese.info%2Fla-banda-di-turi-suona-per-lomicidio-caracciolo%2F&amp;linkname=La%20Banda%20di%20Turi%20suona%20per%20%E2%80%9CL%E2%80%99Omicidio%20Caracciolo%E2%80%9D\" title=\"Telegram\" target=\"_blank\" rel=\"noopener\"><\/a><a class=\"a2a_button_email\" href=\"https:\/\/www.addtoany.com\/add_to\/email?linkurl=https%3A%2F%2Fturi.lavocedelpaese.info%2Fla-banda-di-turi-suona-per-lomicidio-caracciolo%2F&amp;linkname=La%20Banda%20di%20Turi%20suona%20per%20%E2%80%9CL%E2%80%99Omicidio%20Caracciolo%E2%80%9D\" title=\"Email\" target=\"_blank\" rel=\"noopener\"><\/a><\/p>\n<p>\u00a0<\/p>","protected":false},"excerpt":{"rendered":"<p>\u00a0 \u200b\u00a0 \u200bTuri \u2013 La Voce del Paese\u00a0 La Banda Cittadina \u201cDon Giovanni Cipriani\u201d ha impreziosito la presentazione del saggio<\/p>\n","protected":false},"author":0,"featured_media":0,"comment_status":"open","ping_status":"closed","sticky":false,"template":"","format":"standard","meta":{"colormag_page_container_layout":"default_layout","colormag_page_sidebar_layout":"default_layout","_monsterinsights_skip_tracking":false,"_monsterinsights_sitenote_active":false,"_monsterinsights_sitenote_note":"","_monsterinsights_sitenote_category":0,"footnotes":""},"categories":[1],"tags":[],"class_list":["post-1201","post","type-post","status-publish","format-standard","hentry","category-uncategorized"],"_links":{"self":[{"href":"https:\/\/noicattaro.lavocedelpaese.info\/index.php\/wp-json\/wp\/v2\/posts\/1201","targetHints":{"allow":["GET"]}}],"collection":[{"href":"https:\/\/noicattaro.lavocedelpaese.info\/index.php\/wp-json\/wp\/v2\/posts"}],"about":[{"href":"https:\/\/noicattaro.lavocedelpaese.info\/index.php\/wp-json\/wp\/v2\/types\/post"}],"replies":[{"embeddable":true,"href":"https:\/\/noicattaro.lavocedelpaese.info\/index.php\/wp-json\/wp\/v2\/comments?post=1201"}],"version-history":[{"count":0,"href":"https:\/\/noicattaro.lavocedelpaese.info\/index.php\/wp-json\/wp\/v2\/posts\/1201\/revisions"}],"wp:attachment":[{"href":"https:\/\/noicattaro.lavocedelpaese.info\/index.php\/wp-json\/wp\/v2\/media?parent=1201"}],"wp:term":[{"taxonomy":"category","embeddable":true,"href":"https:\/\/noicattaro.lavocedelpaese.info\/index.php\/wp-json\/wp\/v2\/categories?post=1201"},{"taxonomy":"post_tag","embeddable":true,"href":"https:\/\/noicattaro.lavocedelpaese.info\/index.php\/wp-json\/wp\/v2\/tags?post=1201"}],"curies":[{"name":"wp","href":"https:\/\/api.w.org\/{rel}","templated":true}]}}