{"id":1245,"date":"2023-03-16T17:38:05","date_gmt":"2023-03-16T17:38:05","guid":{"rendered":"https:\/\/lavocedelpaese.info\/index.php\/2023\/03\/16\/chiesa-san-francesco-iniziano-i-tredici-martedi-a-santantonio\/"},"modified":"2023-03-16T17:38:05","modified_gmt":"2023-03-16T17:38:05","slug":"chiesa-san-francesco-iniziano-i-tredici-martedi-a-santantonio","status":"publish","type":"post","link":"https:\/\/noicattaro.lavocedelpaese.info\/index.php\/2023\/03\/16\/chiesa-san-francesco-iniziano-i-tredici-martedi-a-santantonio\/","title":{"rendered":"Chiesa San Francesco. Iniziano i tredici marted\u00ec a Sant\u2019Antonio"},"content":{"rendered":"<p>\u00a0<\/p>\n<p>\u200b\u00a0<\/p>\n<p>\u200bGioia \u2013 La Voce del Paese\u00a0<\/p>\n<div class=\"wp-block-image\">\n<\/div>\n<p>\u201cI Santi ci sono sempre di esempio e di stimolo nel cammino di fede, perch\u00e9 hanno messo in pratica gli insegnamenti del Vangelo. Essi sono nostri fratelli e amici, e ci precedono nel Regno dei Cieli, dove intercedono per noi e per le nostre necessit\u00e0: per questo desideriamo invocarli e pregarli con fiducia. Rivolgerci ai Santi con la preghiera \u00e8 un dono che il Signore ci offre, per essere stimolati ad imitarli nella vita di fede e aiutati nei nostri bisogni.<\/p>\n<p>Un modo, molto diffuso e di origini antiche, per rendere omaggio a Sant\u2019Antonio di Padova, \u00e8 la pratica dei 13 marted\u00ec. I devoti del Santo, infatti, da sempre amano ricordarlo con particolare fervore e per questo si preparano alla sua festa rivolgendosi a lui, in particolare, nei 13 marted\u00ec, detti maggiori, che precedono il 13 giugno, giorno della sua \u201cnascita al Cielo\u201d.<\/p>\n<p>Quest\u2019anno essendoci la concomitanza delle Quarantore nella parrocchia di Santa Lucia, nella nostra chiesa di San Francesco <strong>le celebrazioni in onore del Santo Taumaturgo sono iniziati mercoled\u00ec 15 marzo. <\/strong>La chiesa sar\u00e0 aperta al mattino <strong>dalle ore 8:00 alle ore 12:00<\/strong> per la preghiera personale, nel pomeriggio <strong>alle ore 17:30 ci sar\u00e0 la recita del Santo Rosario e alle ore 18:00 la Santa Messa<\/strong> con la preghiera conclusiva all\u2019altare del Santo.<\/p>\n<p><strong>Le celebrazioni proseguiranno ogni marted\u00ec con la stessa modalit\u00e0<\/strong>. Pregheremo il Santo di Padova perch\u00e8 interceda per la fine della pandemia e per la pace affinch\u00e9 si metta la parola fine e questa guerra, che come ha definito Papa Francesco, \u00e8 una pazzia dell\u2019uomo. Le celebrazioni si svolgeranno nel rispetto delle norme vigenti.<\/p>\n<p>Per l\u2019accesso in chiesa \u00e8 <strong>obbligatorio l\u2019uso corretto della mascherina<\/strong>\u201d.<\/p>\n<p class=\"has-text-align-right\"><strong>La Confraternita del Purgatorio<\/strong><\/p>\n<p><a class=\"a2a_button_facebook\" href=\"https:\/\/www.addtoany.com\/add_to\/facebook?linkurl=https%3A%2F%2Fgioia.lavocedelpaese.info%2Findex.php%2F2023%2F03%2F16%2Fchiesa-san-francesco-iniziano-i-tredici-martedi-a-santantonio%2F&amp;linkname=Chiesa%20San%20Francesco.%20Iniziano%20i%20tredici%20marted%C3%AC%20a%20Sant%E2%80%99Antonio\" title=\"Facebook\" target=\"_blank\" rel=\"noopener\"><\/a><a class=\"a2a_button_twitter\" href=\"https:\/\/www.addtoany.com\/add_to\/twitter?linkurl=https%3A%2F%2Fgioia.lavocedelpaese.info%2Findex.php%2F2023%2F03%2F16%2Fchiesa-san-francesco-iniziano-i-tredici-martedi-a-santantonio%2F&amp;linkname=Chiesa%20San%20Francesco.%20Iniziano%20i%20tredici%20marted%C3%AC%20a%20Sant%E2%80%99Antonio\" title=\"Twitter\" target=\"_blank\" rel=\"noopener\"><\/a><a class=\"a2a_button_whatsapp\" href=\"https:\/\/www.addtoany.com\/add_to\/whatsapp?linkurl=https%3A%2F%2Fgioia.lavocedelpaese.info%2Findex.php%2F2023%2F03%2F16%2Fchiesa-san-francesco-iniziano-i-tredici-martedi-a-santantonio%2F&amp;linkname=Chiesa%20San%20Francesco.%20Iniziano%20i%20tredici%20marted%C3%AC%20a%20Sant%E2%80%99Antonio\" title=\"WhatsApp\" target=\"_blank\" rel=\"noopener\"><\/a><a class=\"a2a_button_telegram\" href=\"https:\/\/www.addtoany.com\/add_to\/telegram?linkurl=https%3A%2F%2Fgioia.lavocedelpaese.info%2Findex.php%2F2023%2F03%2F16%2Fchiesa-san-francesco-iniziano-i-tredici-martedi-a-santantonio%2F&amp;linkname=Chiesa%20San%20Francesco.%20Iniziano%20i%20tredici%20marted%C3%AC%20a%20Sant%E2%80%99Antonio\" title=\"Telegram\" target=\"_blank\" rel=\"noopener\"><\/a><a class=\"a2a_button_email\" href=\"https:\/\/www.addtoany.com\/add_to\/email?linkurl=https%3A%2F%2Fgioia.lavocedelpaese.info%2Findex.php%2F2023%2F03%2F16%2Fchiesa-san-francesco-iniziano-i-tredici-martedi-a-santantonio%2F&amp;linkname=Chiesa%20San%20Francesco.%20Iniziano%20i%20tredici%20marted%C3%AC%20a%20Sant%E2%80%99Antonio\" title=\"Email\" target=\"_blank\" rel=\"noopener\"><\/a><\/p>\n<p>\u00a0<\/p>","protected":false},"excerpt":{"rendered":"<p>\u00a0 \u200b\u00a0 \u200bGioia \u2013 La Voce del Paese\u00a0 \u201cI Santi ci sono sempre di esempio e di stimolo nel cammino<\/p>\n","protected":false},"author":0,"featured_media":0,"comment_status":"open","ping_status":"closed","sticky":false,"template":"","format":"standard","meta":{"colormag_page_container_layout":"default_layout","colormag_page_sidebar_layout":"default_layout","_monsterinsights_skip_tracking":false,"_monsterinsights_sitenote_active":false,"_monsterinsights_sitenote_note":"","_monsterinsights_sitenote_category":0,"footnotes":""},"categories":[1],"tags":[],"class_list":["post-1245","post","type-post","status-publish","format-standard","hentry","category-uncategorized"],"_links":{"self":[{"href":"https:\/\/noicattaro.lavocedelpaese.info\/index.php\/wp-json\/wp\/v2\/posts\/1245","targetHints":{"allow":["GET"]}}],"collection":[{"href":"https:\/\/noicattaro.lavocedelpaese.info\/index.php\/wp-json\/wp\/v2\/posts"}],"about":[{"href":"https:\/\/noicattaro.lavocedelpaese.info\/index.php\/wp-json\/wp\/v2\/types\/post"}],"replies":[{"embeddable":true,"href":"https:\/\/noicattaro.lavocedelpaese.info\/index.php\/wp-json\/wp\/v2\/comments?post=1245"}],"version-history":[{"count":0,"href":"https:\/\/noicattaro.lavocedelpaese.info\/index.php\/wp-json\/wp\/v2\/posts\/1245\/revisions"}],"wp:attachment":[{"href":"https:\/\/noicattaro.lavocedelpaese.info\/index.php\/wp-json\/wp\/v2\/media?parent=1245"}],"wp:term":[{"taxonomy":"category","embeddable":true,"href":"https:\/\/noicattaro.lavocedelpaese.info\/index.php\/wp-json\/wp\/v2\/categories?post=1245"},{"taxonomy":"post_tag","embeddable":true,"href":"https:\/\/noicattaro.lavocedelpaese.info\/index.php\/wp-json\/wp\/v2\/tags?post=1245"}],"curies":[{"name":"wp","href":"https:\/\/api.w.org\/{rel}","templated":true}]}}