{"id":1247,"date":"2023-03-17T07:29:46","date_gmt":"2023-03-17T07:29:46","guid":{"rendered":"https:\/\/lavocedelpaese.info\/index.php\/2023\/03\/17\/nuova-segnaletica-su-via-colamonico\/"},"modified":"2023-03-17T07:29:46","modified_gmt":"2023-03-17T07:29:46","slug":"nuova-segnaletica-su-via-colamonico","status":"publish","type":"post","link":"https:\/\/noicattaro.lavocedelpaese.info\/index.php\/2023\/03\/17\/nuova-segnaletica-su-via-colamonico\/","title":{"rendered":"Nuova segnaletica su via Colamonico"},"content":{"rendered":"<p>\u00a0<\/p>\n<p>\u200b\u00a0<\/p>\n<p>\u200bCassano \u2013 La Voce del Paese\u00a0<\/p>\n<p>Dopo il rifacimento dell\u2019asfalto, arriva la nuova segnaletica stradale su via Colamonico, essenziale per cercare di gestire al meglio la viabilit\u00e0 in una zona divenuta ad alta densit\u00e0 commerciale con numerosi negozi aperti negli ultimi mesi. <\/p>\n<p>Entro sabato il Comune provveder\u00e0 a sistemare le strisce pedonali e ridisegnare gli stalli di sosta per le auto sulla carreggiata nonch\u00e8 gli spazi per carico\/scarico delle merci a disposizione dei fornitori dei diversi esercizi commerciali. <\/p>\n<p>La novit\u00e0 pi\u00f9 rilevante per gli automobilisti \u00e8 l\u2019introduzione del disco-orario: sar\u00e0, infatti, consentita una sosta di 30 minuti alle vetture, nei giorni lavorativi. L\u2019idea \u00e8 quella di lasciare quanto pi\u00f9 spesso liberi gli stalli per consentire il ricambio veloce negli spazi: un p\u00f2 come previsto da anni in piazza Garibaldi dove, per\u00f2, di fatto il disco-orario non viene praticamente mai rispettato, con grandi problemi per le decine di attivit\u00e0 della zona. <\/p>\n<p><a class=\"a2a_button_facebook\" href=\"https:\/\/www.addtoany.com\/add_to\/facebook?linkurl=https%3A%2F%2Fcassano.lavocedelpaese.info%2Findex.php%2F2023%2F03%2F17%2Fnuova-segnaletica-su-via-colamonico%2F&amp;linkname=Nuova%20segnaletica%20su%20via%20Colamonico\" title=\"Facebook\" target=\"_blank\" rel=\"noopener\"><\/a><a class=\"a2a_button_twitter\" href=\"https:\/\/www.addtoany.com\/add_to\/twitter?linkurl=https%3A%2F%2Fcassano.lavocedelpaese.info%2Findex.php%2F2023%2F03%2F17%2Fnuova-segnaletica-su-via-colamonico%2F&amp;linkname=Nuova%20segnaletica%20su%20via%20Colamonico\" title=\"Twitter\" target=\"_blank\" rel=\"noopener\"><\/a><a class=\"a2a_button_whatsapp\" href=\"https:\/\/www.addtoany.com\/add_to\/whatsapp?linkurl=https%3A%2F%2Fcassano.lavocedelpaese.info%2Findex.php%2F2023%2F03%2F17%2Fnuova-segnaletica-su-via-colamonico%2F&amp;linkname=Nuova%20segnaletica%20su%20via%20Colamonico\" title=\"WhatsApp\" target=\"_blank\" rel=\"noopener\"><\/a><a class=\"a2a_button_telegram\" href=\"https:\/\/www.addtoany.com\/add_to\/telegram?linkurl=https%3A%2F%2Fcassano.lavocedelpaese.info%2Findex.php%2F2023%2F03%2F17%2Fnuova-segnaletica-su-via-colamonico%2F&amp;linkname=Nuova%20segnaletica%20su%20via%20Colamonico\" title=\"Telegram\" target=\"_blank\" rel=\"noopener\"><\/a><a class=\"a2a_button_email\" href=\"https:\/\/www.addtoany.com\/add_to\/email?linkurl=https%3A%2F%2Fcassano.lavocedelpaese.info%2Findex.php%2F2023%2F03%2F17%2Fnuova-segnaletica-su-via-colamonico%2F&amp;linkname=Nuova%20segnaletica%20su%20via%20Colamonico\" title=\"Email\" target=\"_blank\" rel=\"noopener\"><\/a><\/p>\n<p>\u00a0<\/p>","protected":false},"excerpt":{"rendered":"<p>\u00a0 \u200b\u00a0 \u200bCassano \u2013 La Voce del Paese\u00a0 Dopo il rifacimento dell\u2019asfalto, arriva la nuova segnaletica stradale su via Colamonico,<\/p>\n","protected":false},"author":0,"featured_media":0,"comment_status":"open","ping_status":"closed","sticky":false,"template":"","format":"standard","meta":{"colormag_page_container_layout":"default_layout","colormag_page_sidebar_layout":"default_layout","_monsterinsights_skip_tracking":false,"_monsterinsights_sitenote_active":false,"_monsterinsights_sitenote_note":"","_monsterinsights_sitenote_category":0,"footnotes":""},"categories":[1],"tags":[],"class_list":["post-1247","post","type-post","status-publish","format-standard","hentry","category-uncategorized"],"_links":{"self":[{"href":"https:\/\/noicattaro.lavocedelpaese.info\/index.php\/wp-json\/wp\/v2\/posts\/1247","targetHints":{"allow":["GET"]}}],"collection":[{"href":"https:\/\/noicattaro.lavocedelpaese.info\/index.php\/wp-json\/wp\/v2\/posts"}],"about":[{"href":"https:\/\/noicattaro.lavocedelpaese.info\/index.php\/wp-json\/wp\/v2\/types\/post"}],"replies":[{"embeddable":true,"href":"https:\/\/noicattaro.lavocedelpaese.info\/index.php\/wp-json\/wp\/v2\/comments?post=1247"}],"version-history":[{"count":0,"href":"https:\/\/noicattaro.lavocedelpaese.info\/index.php\/wp-json\/wp\/v2\/posts\/1247\/revisions"}],"wp:attachment":[{"href":"https:\/\/noicattaro.lavocedelpaese.info\/index.php\/wp-json\/wp\/v2\/media?parent=1247"}],"wp:term":[{"taxonomy":"category","embeddable":true,"href":"https:\/\/noicattaro.lavocedelpaese.info\/index.php\/wp-json\/wp\/v2\/categories?post=1247"},{"taxonomy":"post_tag","embeddable":true,"href":"https:\/\/noicattaro.lavocedelpaese.info\/index.php\/wp-json\/wp\/v2\/tags?post=1247"}],"curies":[{"name":"wp","href":"https:\/\/api.w.org\/{rel}","templated":true}]}}