{"id":1250,"date":"2023-03-17T19:42:10","date_gmt":"2023-03-17T19:42:10","guid":{"rendered":"https:\/\/lavocedelpaese.info\/index.php\/2023\/03\/17\/i-5-sensi-nella-cucina-in-fiore-2\/"},"modified":"2023-03-17T19:42:10","modified_gmt":"2023-03-17T19:42:10","slug":"i-5-sensi-nella-cucina-in-fiore-2","status":"publish","type":"post","link":"https:\/\/noicattaro.lavocedelpaese.info\/index.php\/2023\/03\/17\/i-5-sensi-nella-cucina-in-fiore-2\/","title":{"rendered":"\u201cI 5 Sensi nella Cucina in Fiore\u201d"},"content":{"rendered":"<p>\u00a0<\/p>\n<p>\u200b\u00a0<\/p>\n<p>\u200bAcquaviva \u2013 La Voce del Paese\u00a0<\/p>\n<p>L\u2019Associazione di Promozione Sociale <strong>Amici dell\u2019Ambiente<\/strong>, che dal 2012 svolge attivit\u00e0 d\u2019informazione e d\u2019educazione all\u2019ambiente per favorire la diffusione di una cultura coerentemente ambientalista e solidale, <strong>propone il progetto dal titolo \u201cI 5 Sensi nella Cucina in Fiore\u201d <\/strong>strutturato in sette laboratori esperienziali in sinergia con le associazioni del territorio.<\/p>\n<p>Questo progetto \u00e8 innovativo rispetto a \u201cL\u2019Aperitivo dei cinque sensi\u201d, attivit\u00e0 gi\u00e0 realizzata negli anni scorsi, perch\u00e8 arricchito con laboratori teorico-pratici di \u201cCucina in Fiore\u201dconseguenti al successo che ha riscosso l\u2019evento la \u201cCena in Fiore\u201d il 20 luglio 2022 tra soci, simpatizzanti e partecipanti.<\/p>\n<p>Si parte <strong>mercoled\u00ec 22 marzo alle ore 17:30 presso la Sala Colafemmina<\/strong> con presentazione del libro \u201cLU LAURU\u201d con Antonella De Biasi, una delle curatrici del libro. \u201cLU LAURU\u201d \u00e8 una raccolta di Storie di cucina, tramandate da \u201cnonne, zie, madri\u201d, quale patrimonio di \u201ctradizioni collettive e ricordi individuali\u201d che considera la vita dell\u2019uomo nei suoi vari aspetti: culturale, sociale, emotivo e relazionale, ampiamente condivisi dalla nostra Associazione nelle iniziative.<\/p>\n<p>Durante la serata, sar\u00e0 presentato il Progetto \u201cI 5 Sensi nella Cucina in Fiore\u201d con la editor gastronomica Patrizia Laquale e si raccoglieranno le adesioni.<\/p>\n<p>Inoltre, l\u2019Associazione di Promozione Sociale \u201cAmici dell\u2019Ambiente\u201d d\u00e0 l\u2019avvio ad alcune attivit\u00e0 previste per i prossimi mesi: le passeggiate naturalistiche \u201cAlla scoperta delle Erbe Alimurgiche e Piante Protette\u201d (primo appuntamento 24 marzo c.a.), i laboratori esperienziali de \u201cI 5 Sensi nella Cucina in Fiore\u201d (primo appuntamento 28 marzo c.a.) e la manifestazione \u201cSpazi in Fiore\u201d.<\/p>\n<p>Si invita la cittadinanza a partecipare.<\/p>\n<p><a class=\"a2a_button_facebook\" href=\"https:\/\/www.addtoany.com\/add_to\/facebook?linkurl=https%3A%2F%2Facquaviva.lavocedelpaese.info%2Findex.php%2F2023%2F03%2F17%2Fi-5-sensi-nella-cucina-in-fiore%2F&amp;linkname=%E2%80%9CI%205%20Sensi%20nella%20Cucina%20in%20Fiore%E2%80%9D\" title=\"Facebook\" target=\"_blank\" rel=\"noopener\"><\/a><a class=\"a2a_button_twitter\" href=\"https:\/\/www.addtoany.com\/add_to\/twitter?linkurl=https%3A%2F%2Facquaviva.lavocedelpaese.info%2Findex.php%2F2023%2F03%2F17%2Fi-5-sensi-nella-cucina-in-fiore%2F&amp;linkname=%E2%80%9CI%205%20Sensi%20nella%20Cucina%20in%20Fiore%E2%80%9D\" title=\"Twitter\" target=\"_blank\" rel=\"noopener\"><\/a><a class=\"a2a_button_whatsapp\" href=\"https:\/\/www.addtoany.com\/add_to\/whatsapp?linkurl=https%3A%2F%2Facquaviva.lavocedelpaese.info%2Findex.php%2F2023%2F03%2F17%2Fi-5-sensi-nella-cucina-in-fiore%2F&amp;linkname=%E2%80%9CI%205%20Sensi%20nella%20Cucina%20in%20Fiore%E2%80%9D\" title=\"WhatsApp\" target=\"_blank\" rel=\"noopener\"><\/a><a class=\"a2a_button_telegram\" href=\"https:\/\/www.addtoany.com\/add_to\/telegram?linkurl=https%3A%2F%2Facquaviva.lavocedelpaese.info%2Findex.php%2F2023%2F03%2F17%2Fi-5-sensi-nella-cucina-in-fiore%2F&amp;linkname=%E2%80%9CI%205%20Sensi%20nella%20Cucina%20in%20Fiore%E2%80%9D\" title=\"Telegram\" target=\"_blank\" rel=\"noopener\"><\/a><a class=\"a2a_button_email\" href=\"https:\/\/www.addtoany.com\/add_to\/email?linkurl=https%3A%2F%2Facquaviva.lavocedelpaese.info%2Findex.php%2F2023%2F03%2F17%2Fi-5-sensi-nella-cucina-in-fiore%2F&amp;linkname=%E2%80%9CI%205%20Sensi%20nella%20Cucina%20in%20Fiore%E2%80%9D\" title=\"Email\" target=\"_blank\" rel=\"noopener\"><\/a><\/p>\n<p>\u00a0<\/p>","protected":false},"excerpt":{"rendered":"<p>\u00a0 \u200b\u00a0 \u200bAcquaviva \u2013 La Voce del Paese\u00a0 L\u2019Associazione di Promozione Sociale Amici dell\u2019Ambiente, che dal 2012 svolge attivit\u00e0 d\u2019informazione<\/p>\n","protected":false},"author":0,"featured_media":0,"comment_status":"open","ping_status":"closed","sticky":false,"template":"","format":"standard","meta":{"colormag_page_container_layout":"default_layout","colormag_page_sidebar_layout":"default_layout","_monsterinsights_skip_tracking":false,"_monsterinsights_sitenote_active":false,"_monsterinsights_sitenote_note":"","_monsterinsights_sitenote_category":0,"footnotes":""},"categories":[1],"tags":[],"class_list":["post-1250","post","type-post","status-publish","format-standard","hentry","category-uncategorized"],"_links":{"self":[{"href":"https:\/\/noicattaro.lavocedelpaese.info\/index.php\/wp-json\/wp\/v2\/posts\/1250","targetHints":{"allow":["GET"]}}],"collection":[{"href":"https:\/\/noicattaro.lavocedelpaese.info\/index.php\/wp-json\/wp\/v2\/posts"}],"about":[{"href":"https:\/\/noicattaro.lavocedelpaese.info\/index.php\/wp-json\/wp\/v2\/types\/post"}],"replies":[{"embeddable":true,"href":"https:\/\/noicattaro.lavocedelpaese.info\/index.php\/wp-json\/wp\/v2\/comments?post=1250"}],"version-history":[{"count":0,"href":"https:\/\/noicattaro.lavocedelpaese.info\/index.php\/wp-json\/wp\/v2\/posts\/1250\/revisions"}],"wp:attachment":[{"href":"https:\/\/noicattaro.lavocedelpaese.info\/index.php\/wp-json\/wp\/v2\/media?parent=1250"}],"wp:term":[{"taxonomy":"category","embeddable":true,"href":"https:\/\/noicattaro.lavocedelpaese.info\/index.php\/wp-json\/wp\/v2\/categories?post=1250"},{"taxonomy":"post_tag","embeddable":true,"href":"https:\/\/noicattaro.lavocedelpaese.info\/index.php\/wp-json\/wp\/v2\/tags?post=1250"}],"curies":[{"name":"wp","href":"https:\/\/api.w.org\/{rel}","templated":true}]}}