{"id":1269,"date":"2023-03-21T17:13:37","date_gmt":"2023-03-21T17:13:37","guid":{"rendered":"https:\/\/lavocedelpaese.info\/index.php\/2023\/03\/21\/sotterranea-festiva-dellacqua-2023\/"},"modified":"2023-03-21T17:13:37","modified_gmt":"2023-03-21T17:13:37","slug":"sotterranea-festiva-dellacqua-2023","status":"publish","type":"post","link":"https:\/\/noicattaro.lavocedelpaese.info\/index.php\/2023\/03\/21\/sotterranea-festiva-dellacqua-2023\/","title":{"rendered":"\u201cSotterranea\u201d: Festiva dell\u2019acqua 2023"},"content":{"rendered":"<p>\u00a0<\/p>\n<p>\u200b\u00a0<\/p>\n<p>\u200bAcquaviva \u2013 La Voce del Paese\u00a0<\/p>\n<p><strong>\u00a0\u201cSOTTERRANEA\u201d: SETTE GIORNATE DEDICATE ALL\u2019ACQUA DAL 22 MARZO AL 22 APRILE AD ACQUAVIVA DELLE FONTI, CASSANO MURGE E GRAVINA IN PUGLIA<\/strong><\/p>\n<p>Si inaugura mercoled\u00ec ad Acquaviva \u201cSotterranea\u201d l\u2019edizione 2023 del Festival dell\u2019Acqua, che quest\u2019anno coinvolge anche i Comuni di Cassano e Gravina.<\/p>\n<p>L\u2019avvio della rassegna, che quest\u2019anno ha come slogan \u201caccelerare il cambiamento\u201d, coincide con la Giornata mondiale dell\u2019Acqua e prevede, alle 18, un incontro in sala Colafemmina dedicato alla figura del geografo acquavivese Carmelo Colamonico,di cui quest\u2019anno ricorre il cinquantenario della morte. E\u2019 l\u2019occasione per riprendere il filo delle sue ricerche, orientate proprio alla valorizzazione dei corsi idrici sotterranei e superficiali pi\u00f9 in generale sullo studio della geografia e geologia. Interverranno Rossella De Ceglie, docente di Storia della Scienza all\u2019Universit\u00e0 di Bari, che illustrer\u00e0 la figura e l\u2019opera scientifica di Colamonico, Mario Parise, docente del dipartimento di Scienze della Terra e Geoambientali, che parler\u00e0 del carsismo pugliese, Antonella Rinella, dell\u2019Universit\u00e0 del Salento, fiduciaria per la Puglia della Societ\u00e0 Geografica Italiana, che parler\u00e0 dei \u201ccontributi alla conoscenza delle dimore rurali e la passione per la didattica della geografia nelle scuole superiori\u201d. Porteranno i loro saluti i sindaci di Acquaviva, Cassano e Gravina (Davide Carlucci, Davide Del Re e Fedele La Greca), Francesco Tarantini, presidente del Parco nazionale dell\u2019Alta Murgia, Gennaro Capasso, dell\u2019Autorit\u00e0 di Bacino distrettuale dell\u2019Appennino meridionale, Giovanni Mariani, dirigente dell\u2019Istituto scolastico Leonardo Da Vinci di Cassano, Chiara Losurdo, dirigente dell\u2019Istituto Colamonico Chiarulli, Giuseppe Mastronuzzi, direttore del Dipartimento di scienze della terra e geoambientali, Maurizio Raeli, direttore del Ciheam di Bari, Domenico Laforgia, presidente dell\u2019Acquedotto Pugliese, Giovanna Amadei, presidente dell\u2019Ordine dei geologi della Puglia, Vincenzo Iurilli, presidente di Sigea \u2013 Aps sezione Puglia, Maria Simone, della federazione italiana associazioni e club per l\u2019Unesco, Paolo Rubino, del tavolo per l\u2019agricoltura di Puglia e Basilicata.<\/p>\n<p>Gioved\u00ec 23, alle 10, nell\u2019auditorium del Liceo scientifico Leonardo Da Vinci di Cassano, in collaborazione con il Festival Cassanoscienza, incontro su \u201cAcqua, natura e tutela della salute, legami con il territorio\u201d. Saranno presenti Vito Uricchio, dell\u2019Istituto di ricerca sulle acque, Francesco Tarantini, presidente del Parco nazionale dell\u2019Alta Murgia, Nicola Lamaddalena, del Ciheam di Bari, coordina Daniela Gallitelli, referente dell\u2019istituto scolastico. Sar\u00e0 presentato inoltre il laboratorio interattivo \u201ccosa c\u2019\u00e8 dietro il rubinetto\u2026 acqua sotto i nostri piedi\u201d, a cura degli studenti della classe 2E. Alle 18, in sala consiliare, \u201cAcqua e cambiamenti climatici\u201d, con Annalisa Corrado, coideatrice e coordinatrice del progetto Green Heroes, che parler\u00e0 dell\u2019Obiettivo 6 dell\u2019Agenda 2030: \u201cGarantire a tutti disponibilit\u00e0 e gestione sostenibile dell\u2019acqua\u201d. Nicola Lamaddalena, del Ciheam, parler\u00e0 della questione idrica nel Mediterraneo, Giuseppe Nerilli di cambiamenti climatici, adattamento e cooperazione, Giuseppe Spilotro, Sigea Aps (uomo, acqua e climi), Domenico Capolongo, dell\u2019Universit\u00e0 degli studi di Bari e Nicola Lopane, dottorando dell\u2019Universit\u00e0 di Ferrara (Ricostruzione ed evoluzione dell\u2019estinto Lago Battaglia). Coordiner\u00e0 Vincenzo Iurilli. Porteranno i saluti istituzionali Giovanni Mariani, dirigente del Leonardo Da Vinci, Davide Del Re, sindaco di Cassano, Ivan Aloiso, assessore all\u2019Ambiente, Maria Simone, della federazione italiana Club Unesco, Vincenzo Tanzarella, dell\u2019Ordine dei Geologi Puglia.<\/p>\n<p>La mattina di venerd\u00ec 24 marzo, evento con Geopop al Teatro Luciani di Acquaviva: il divulgatore Alessandro Beloli, laureato in Scienze geofrafiche, parler\u00e0 di \u201cAcqua e Geografia: risorse del futuro\u201d. Viaggiatore incallito, amante delle culture e dell\u2019avventura, Beloli si distingue per la capacit\u00e0 di raccontare i fenomeni della Terra, facendo leva sulle sue conoscenze umanistiche e geopolitiche.<\/p>\n<p>Domenica 26 marzo, alle 8.30 dal piazzale antistante il Liceo Scientifico di Cassano, \u00e8 prevista un\u2019escursione per esplorare i \u201csegni dell\u2019acqua nel territorio murgiano\u201d, a cura di Sigea-Aps e Club per l\u2019Unesco di Cassano.<\/p>\n<p>Mercoled\u00ec 5 aprile, alle 11, nuovo appuntamento sulla figura di Colamonico nell\u2019istituto Colamonico Chiarulli, con Rossella De Ceglie, Mario Parise e Antonella Rinella.<\/p>\n<p>Mercoled\u00ec 12 aprile, alle 17.30, \u201cI Comuni per l\u2019acqua\u201d, i sindaci uniti per la tutela delle risorse idriche\u201d, con Donatello Sollitto, dell\u2019Autorit\u00e0 di Bacino distrettuale dell\u2019Appennino Meridionale, che parler\u00e0 della \u201ccircolazione idrica sotterranea negli ambienti urbani dell\u2019Altopiano delle Murge\u201d. Davide Carlucci, Davide Del Re, Giuseppe Lovascio, Fedele La Greca, Giuseppe Valenzano e Michele Patruno, sindaci di Acquaviva, Cassano, Conversano, Gravina, Rutigliano e Spinazzola. Coordina l\u2019intera giornata la biologa Anna Rita Somma.<\/p>\n<p>Venerd\u00ec 14 aprile, nella sala Colafemmina di Palazzo De Mari, ad Acquaviva, presentazione dei lavori delle scuole: \u201cIl professor Carmelo Colamonico in minecraft. Fun carsismo: sulle orme di Colamonico\u201d, a cura dell\u2019Istituto Chiarulli e \u201cProgetto AcquaMap Mappatura dei luoghi dell\u2019acqua con OpenStreetMap\u201d, a cura del Liceo don Milani con Wikimedia Italia.<\/p>\n<p>La giornata conclusiva \u00e8 prevista per il 22 aprile all\u2019interno della Fiera di San Giorgio a Gravina di Puglia.<\/p>\n<p><a class=\"a2a_button_facebook\" href=\"https:\/\/www.addtoany.com\/add_to\/facebook?linkurl=https%3A%2F%2Facquaviva.lavocedelpaese.info%2Findex.php%2F2023%2F03%2F21%2Fsotterranea-festiva-dellacqua-2023%2F&amp;linkname=%E2%80%9CSotterranea%E2%80%9D%3A%20Festiva%20dell%E2%80%99acqua%202023\" title=\"Facebook\" target=\"_blank\" rel=\"noopener\"><\/a><a class=\"a2a_button_twitter\" href=\"https:\/\/www.addtoany.com\/add_to\/twitter?linkurl=https%3A%2F%2Facquaviva.lavocedelpaese.info%2Findex.php%2F2023%2F03%2F21%2Fsotterranea-festiva-dellacqua-2023%2F&amp;linkname=%E2%80%9CSotterranea%E2%80%9D%3A%20Festiva%20dell%E2%80%99acqua%202023\" title=\"Twitter\" target=\"_blank\" rel=\"noopener\"><\/a><a class=\"a2a_button_whatsapp\" href=\"https:\/\/www.addtoany.com\/add_to\/whatsapp?linkurl=https%3A%2F%2Facquaviva.lavocedelpaese.info%2Findex.php%2F2023%2F03%2F21%2Fsotterranea-festiva-dellacqua-2023%2F&amp;linkname=%E2%80%9CSotterranea%E2%80%9D%3A%20Festiva%20dell%E2%80%99acqua%202023\" title=\"WhatsApp\" target=\"_blank\" rel=\"noopener\"><\/a><a class=\"a2a_button_telegram\" href=\"https:\/\/www.addtoany.com\/add_to\/telegram?linkurl=https%3A%2F%2Facquaviva.lavocedelpaese.info%2Findex.php%2F2023%2F03%2F21%2Fsotterranea-festiva-dellacqua-2023%2F&amp;linkname=%E2%80%9CSotterranea%E2%80%9D%3A%20Festiva%20dell%E2%80%99acqua%202023\" title=\"Telegram\" target=\"_blank\" rel=\"noopener\"><\/a><a class=\"a2a_button_email\" href=\"https:\/\/www.addtoany.com\/add_to\/email?linkurl=https%3A%2F%2Facquaviva.lavocedelpaese.info%2Findex.php%2F2023%2F03%2F21%2Fsotterranea-festiva-dellacqua-2023%2F&amp;linkname=%E2%80%9CSotterranea%E2%80%9D%3A%20Festiva%20dell%E2%80%99acqua%202023\" title=\"Email\" target=\"_blank\" rel=\"noopener\"><\/a><\/p>\n<p>\u00a0<\/p>","protected":false},"excerpt":{"rendered":"<p>\u00a0 \u200b\u00a0 \u200bAcquaviva \u2013 La Voce del Paese\u00a0 \u00a0\u201cSOTTERRANEA\u201d: SETTE GIORNATE DEDICATE ALL\u2019ACQUA DAL 22 MARZO AL 22 APRILE AD<\/p>\n","protected":false},"author":0,"featured_media":0,"comment_status":"open","ping_status":"closed","sticky":false,"template":"","format":"standard","meta":{"colormag_page_container_layout":"default_layout","colormag_page_sidebar_layout":"default_layout","_monsterinsights_skip_tracking":false,"_monsterinsights_sitenote_active":false,"_monsterinsights_sitenote_note":"","_monsterinsights_sitenote_category":0,"footnotes":""},"categories":[1],"tags":[],"class_list":["post-1269","post","type-post","status-publish","format-standard","hentry","category-uncategorized"],"_links":{"self":[{"href":"https:\/\/noicattaro.lavocedelpaese.info\/index.php\/wp-json\/wp\/v2\/posts\/1269","targetHints":{"allow":["GET"]}}],"collection":[{"href":"https:\/\/noicattaro.lavocedelpaese.info\/index.php\/wp-json\/wp\/v2\/posts"}],"about":[{"href":"https:\/\/noicattaro.lavocedelpaese.info\/index.php\/wp-json\/wp\/v2\/types\/post"}],"replies":[{"embeddable":true,"href":"https:\/\/noicattaro.lavocedelpaese.info\/index.php\/wp-json\/wp\/v2\/comments?post=1269"}],"version-history":[{"count":0,"href":"https:\/\/noicattaro.lavocedelpaese.info\/index.php\/wp-json\/wp\/v2\/posts\/1269\/revisions"}],"wp:attachment":[{"href":"https:\/\/noicattaro.lavocedelpaese.info\/index.php\/wp-json\/wp\/v2\/media?parent=1269"}],"wp:term":[{"taxonomy":"category","embeddable":true,"href":"https:\/\/noicattaro.lavocedelpaese.info\/index.php\/wp-json\/wp\/v2\/categories?post=1269"},{"taxonomy":"post_tag","embeddable":true,"href":"https:\/\/noicattaro.lavocedelpaese.info\/index.php\/wp-json\/wp\/v2\/tags?post=1269"}],"curies":[{"name":"wp","href":"https:\/\/api.w.org\/{rel}","templated":true}]}}