{"id":1274,"date":"2023-03-23T07:23:47","date_gmt":"2023-03-23T07:23:47","guid":{"rendered":"https:\/\/lavocedelpaese.info\/index.php\/2023\/03\/23\/particolare-femminile-sabato-doppio-appuntamento\/"},"modified":"2023-03-23T07:23:47","modified_gmt":"2023-03-23T07:23:47","slug":"particolare-femminile-sabato-doppio-appuntamento","status":"publish","type":"post","link":"https:\/\/noicattaro.lavocedelpaese.info\/index.php\/2023\/03\/23\/particolare-femminile-sabato-doppio-appuntamento\/","title":{"rendered":"\u201cParticolare Femminile\u201d: sabato doppio appuntamento"},"content":{"rendered":"<p>\u00a0<\/p>\n<p>\u200b\u00a0<\/p>\n<p>\u200bCassano \u2013 La Voce del Paese\u00a0<\/p>\n<p>Il fenomeno della vittimizzazione secondaria attiene ad una molteplicit\u00e0 di conseguenze traumatiche per il soggetto che sia stato vittima di un reato, che non si verificano come diretta conseguenza dell\u2019atto criminale, ma attraverso l\u2019interazione con le istituzioni e la giustizia e, prevalentemente, in sede di partecipazione al procedimento penale quale utile fonte di prova per l\u2019accertamento della verit\u00e0 processuale.<\/p>\n<p>La Corte Costituzionale, nella sentenza n. 92\/2018, ha definito il fenomeno come quel processo che porta la vittima, durante la sua audizione, <em>\u201ca rivivere i sentimenti di paura, di ansia e di dolore provati al momento della commissione del fatto\u201d.<\/em><\/p>\n<p>Conseguentemente, il contatto delle vittime con la giustizia \u00e8 ampiamente scoraggiato, comportando una mancata denuncia di quanto subito.<\/p>\n<p>Alla luce della riforma del processo penale, comunemente nota come Riforma Cartabia, \u00e8 importante porsi degli interrogativi volti a comprendere quanto le modifiche apportate possano concretarsi in uno strumento effettivo a disposizione delle vittime o se, d\u2019altra parte, vi sia il rischio di un aggravamento del fenomeno.<\/p>\n<p>Se ne parler\u00e0 sabato 25 marzo alle 10 nella pinacoteca comunale di Cassano delle Murge con<\/p>\n<p>il sindaco Davide Del Re, Enza Battista assessore ai servizi sociali, Francesca Marsico<\/p>\n<p>Consulente dell\u2019Ente e ideatrice della rassegna culturale, il presidente dell\u2019Ordine degli Avvocati di Bari, Salvatore D\u2019Aluiso e con i relatori: Armando Saponaro, Docente dell\u2019Universit\u00e0 degli Studi di Bari che tratter\u00e0 il tema \u201cVittimizzazione secondaria nel contatto delle vittime con la giustizia\u201d, l\u2019Avvocato Paolo Iannone che parler\u00e0 della \u201cRiforma del processo penale e tutela delle donne\u201d e la psicologa del Li.A. centro antiviolenza Vittoriana Guglielmi che relazioner\u00e0 sul \u201cCiclo della violenza e le sue conseguenze\u201d.<\/p>\n<p>Moderer\u00e0 l\u2019incontro Irene Irma D\u2019Onghia.<\/p>\n<p>L\u2019evento \u00e8 accreditato dal Consiglio degli Avvocati di Bari ed ha un valore di 3 crediti. La partecipazione \u00e8 libera.<\/p>\n<p>\u00c8 dedicata alla \u201cPoesia in Rivoluzione\u201d a cura del Movimento Internazionale \u201cDonne e poesia\u201d per celebrare la\u00a0 \u201cGiornata Mondiale della Poesia\u201d (21 marzo) l\u2019appuntamento di sabato 25 alle 18.00 della rassegna \u201cParticolare Femminile\u201d.<\/p>\n<p>La data, che segna anche il primo giorno di primavera, riconosce all\u2019espressione poetica un ruolo \u00a0privilegiato nella promozione del dialogo e della comprensione interculturale, della diversit\u00e0 linguistica, della comunicazione e della pace.<\/p>\n<p>L\u2019evento si pone l\u2019obiettivo di utilizzare l\u2019arte come una forma di protesta, di femminismo, in un mondo dove si pu\u00f2 ancora fare la differenza.<\/p>\n<p>\u201cDonne e Poesia\u201d nasce a Bari nel 1985, e diviene punto di riferimento della cultura poetica<\/p>\n<p>e letteraria femminile in campo nazionale prima e internazionale dopo. Infatti nel 1993 assume la connotazione di Movimento Internazionale e nell\u2019anno successivo si struttura autonomamente. La finalit\u00e0 specifica \u00e8 la rivalutazione delle forze creative femminili del territorio e il coinvolgimento di studiosi e intellettuali nei diversi settori della cultura: poesia, narrativa, saggistica, nonch\u00e9 pittura, musica, fotografia e teatro. Il suo respiro internazionale consente una rete di rapporti culturali con scrittrici di numerosi Paesi, trovando la sua espressione pi\u00f9 importante nei Convegni \u201cDonne e Poesia\u201d giunto alla IX edizione e \u201cCocktail diVersi\u201d giunto alla XVIII edizione. Sezioni del Movimento operano in varie regioni italiane e all\u2019estero, con costanti contatti con l\u2019Universit\u00e0, la Scuola e il mondo dei giovani.<\/p>\n<p>Nell\u2019ambito del Movimento opera, infatti, il \u201cVivaio\u201d:<\/p>\n<p>laboratorio di scrittura creativa formato da studentesse provenienti da scuole di ogni ordine e grado.<\/p>\n<p>All\u2019appuntamento saranno presenti la poetessa di fama internazionale Anna Santoliquido, a cura del Movimento Internazionale Donne e Poesia Raffaella Pallamolla (poetessa), Melania Evangelista (poetessa, attrice), Concetta Antonelli (poetessa), Michele Agostinelli (artista)<\/p>\n<p>Artisti locali<\/p>\n<p>Intermezzi musicali a cura della violinista cassanese Kornelia Kuzminaite.<\/p>\n<p>\u201cParticolare femminile\u201d \u00e8 la rassegna culturale dedicata alla figura femminile ideata da Francesca Marsico la consulente del sindaco per \u201cle politiche di rigenerazione sociale e riqualificazione inclusiva e culturale\u201d ed in collaborazione con l\u2019assessore alla cultura e all\u2019istruzione del Comune di Cassano.<\/p>\n<p>Appuntamenti settimanali finalizzati a fare conoscere alla comunit\u00e0 l\u2019importanza di raccontare, anche ai giorni nostri, il mondo al femminile declinato in ottiche specifiche riguardanti i temi pi\u00f9 disparati.<\/p>\n<p>Riflessione di libert\u00e0, leggerezza per raccontare temi seri e complessi, spesso difficili e scomodi, insieme a grandi professionisti che comunicheranno nuovi punti di vista, quotidianit\u00e0 sconosciute e criticit\u00e0 condizionate anche dalla societ\u00e0 attuale.<\/p>\n\n<p><a class=\"a2a_button_facebook\" href=\"https:\/\/www.addtoany.com\/add_to\/facebook?linkurl=https%3A%2F%2Fcassano.lavocedelpaese.info%2Findex.php%2F2023%2F03%2F23%2Fparticolare-femminile-sabato-doppio-appuntamento%2F&amp;linkname=%E2%80%9CParticolare%20Femminile%E2%80%9D%3A%20sabato%20doppio%20appuntamento\" title=\"Facebook\" target=\"_blank\" rel=\"noopener\"><\/a><a class=\"a2a_button_twitter\" href=\"https:\/\/www.addtoany.com\/add_to\/twitter?linkurl=https%3A%2F%2Fcassano.lavocedelpaese.info%2Findex.php%2F2023%2F03%2F23%2Fparticolare-femminile-sabato-doppio-appuntamento%2F&amp;linkname=%E2%80%9CParticolare%20Femminile%E2%80%9D%3A%20sabato%20doppio%20appuntamento\" title=\"Twitter\" target=\"_blank\" rel=\"noopener\"><\/a><a class=\"a2a_button_whatsapp\" href=\"https:\/\/www.addtoany.com\/add_to\/whatsapp?linkurl=https%3A%2F%2Fcassano.lavocedelpaese.info%2Findex.php%2F2023%2F03%2F23%2Fparticolare-femminile-sabato-doppio-appuntamento%2F&amp;linkname=%E2%80%9CParticolare%20Femminile%E2%80%9D%3A%20sabato%20doppio%20appuntamento\" title=\"WhatsApp\" target=\"_blank\" rel=\"noopener\"><\/a><a class=\"a2a_button_telegram\" href=\"https:\/\/www.addtoany.com\/add_to\/telegram?linkurl=https%3A%2F%2Fcassano.lavocedelpaese.info%2Findex.php%2F2023%2F03%2F23%2Fparticolare-femminile-sabato-doppio-appuntamento%2F&amp;linkname=%E2%80%9CParticolare%20Femminile%E2%80%9D%3A%20sabato%20doppio%20appuntamento\" title=\"Telegram\" target=\"_blank\" rel=\"noopener\"><\/a><a class=\"a2a_button_email\" href=\"https:\/\/www.addtoany.com\/add_to\/email?linkurl=https%3A%2F%2Fcassano.lavocedelpaese.info%2Findex.php%2F2023%2F03%2F23%2Fparticolare-femminile-sabato-doppio-appuntamento%2F&amp;linkname=%E2%80%9CParticolare%20Femminile%E2%80%9D%3A%20sabato%20doppio%20appuntamento\" title=\"Email\" target=\"_blank\" rel=\"noopener\"><\/a><\/p>\n<p>\u00a0<\/p>","protected":false},"excerpt":{"rendered":"<p>\u00a0 \u200b\u00a0 \u200bCassano \u2013 La Voce del Paese\u00a0 Il fenomeno della vittimizzazione secondaria attiene ad una molteplicit\u00e0 di conseguenze traumatiche<\/p>\n","protected":false},"author":0,"featured_media":0,"comment_status":"open","ping_status":"closed","sticky":false,"template":"","format":"standard","meta":{"colormag_page_container_layout":"default_layout","colormag_page_sidebar_layout":"default_layout","_monsterinsights_skip_tracking":false,"_monsterinsights_sitenote_active":false,"_monsterinsights_sitenote_note":"","_monsterinsights_sitenote_category":0,"footnotes":""},"categories":[1],"tags":[],"class_list":["post-1274","post","type-post","status-publish","format-standard","hentry","category-uncategorized"],"_links":{"self":[{"href":"https:\/\/noicattaro.lavocedelpaese.info\/index.php\/wp-json\/wp\/v2\/posts\/1274","targetHints":{"allow":["GET"]}}],"collection":[{"href":"https:\/\/noicattaro.lavocedelpaese.info\/index.php\/wp-json\/wp\/v2\/posts"}],"about":[{"href":"https:\/\/noicattaro.lavocedelpaese.info\/index.php\/wp-json\/wp\/v2\/types\/post"}],"replies":[{"embeddable":true,"href":"https:\/\/noicattaro.lavocedelpaese.info\/index.php\/wp-json\/wp\/v2\/comments?post=1274"}],"version-history":[{"count":0,"href":"https:\/\/noicattaro.lavocedelpaese.info\/index.php\/wp-json\/wp\/v2\/posts\/1274\/revisions"}],"wp:attachment":[{"href":"https:\/\/noicattaro.lavocedelpaese.info\/index.php\/wp-json\/wp\/v2\/media?parent=1274"}],"wp:term":[{"taxonomy":"category","embeddable":true,"href":"https:\/\/noicattaro.lavocedelpaese.info\/index.php\/wp-json\/wp\/v2\/categories?post=1274"},{"taxonomy":"post_tag","embeddable":true,"href":"https:\/\/noicattaro.lavocedelpaese.info\/index.php\/wp-json\/wp\/v2\/tags?post=1274"}],"curies":[{"name":"wp","href":"https:\/\/api.w.org\/{rel}","templated":true}]}}