{"id":1282,"date":"2023-03-25T08:08:51","date_gmt":"2023-03-25T08:08:51","guid":{"rendered":"https:\/\/lavocedelpaese.info\/index.php\/2023\/03\/25\/evento-di-presentazione-candidata-sindaca-m5s-acquaviva\/"},"modified":"2023-03-25T08:08:51","modified_gmt":"2023-03-25T08:08:51","slug":"evento-di-presentazione-candidata-sindaca-m5s-acquaviva","status":"publish","type":"post","link":"https:\/\/noicattaro.lavocedelpaese.info\/index.php\/2023\/03\/25\/evento-di-presentazione-candidata-sindaca-m5s-acquaviva\/","title":{"rendered":"Evento di presentazione Candidata Sindaca M5S Acquaviva"},"content":{"rendered":"<p>\u00a0<\/p>\n<p>\u200b\u00a0<\/p>\n<p>\u200bAcquaviva \u2013 La Voce del Paese\u00a0<\/p>\n<p>Domenica 26 alle ore 19 in piazza dei Martiri Club 1799.<\/p>\n\n<p>Riceviamo e pubblichiamo:<\/p>\n<p>Il Gruppo Acquavivese del M5S presenta la Candidata Sindaca Avv. Rossella Giorgio che guider\u00e0 la Coalizione della lista del m5s collegata ad una lista civica.\u00a0<\/p>\n<p>Presenzieranno all\u2019evento l\u2019on Patty L\u2019Abbate, il Coordinatore Provinciale del M5S Raimondo Innamorato, il Consigliere Mimmo Maurizio i candidati e gli attivisti locali.<\/p>\n<p>Vi aspettiamo<\/p>\n<p>\u2014\u2014\u2014\u2014\u2014\u2014\u2014\u2014\u2014\u2014\u2014\u2014\u2014\u2014\u2014\u2014\u2014\u2014\u2014\u2014\u2014\u2014\u2014\u2014\u2014\u2014\u2014\u2014\u2014\u2014\u2014\u2014\u2014\u2014\u2014\u2014\u2014\u2014\u2014\u2014\u2014-<\/p>\n<p>La nostra Candidata Sindaca.<\/p>\n<p>Rossella Giorgio, vive ad Acquaviva. 51 anni. Avvocata, libera professionista da 27 anni. Sposata da 25 anni con Rocco Flavio Patroni, Farmacista, due figlie, Cristina e Margherita di 21 e 19 anni una studentessa a Roma presso la LUMSA e l\u2019altra che insegue il sogno di diventare medico.<\/p>\n<p>\u201cNessuna causa \u00e8 persa\u201d \u00e8 il suo motto, che ha guidato negli anni la sua azione, sempre fermamente convinta che dietro ogni diritto c\u2019\u00e8 una battaglia.<\/p>\n<p>Con questo spirito ha deciso di mettersi in gioco e di sposare gli ideali del Movimento 5 Stelle trasferendoli sul territorio Acquavivese, in quanto crede nel cambiamento, in particolare, in questo momento storico in cui i diritti civili, sociali e ambientali sono costantemente sotto attacco. Un periodo storico che necessita di nuove figure di spessore, che dovranno apportare trasformazioni rilevanti.\u00a0<\/p>\n<p>Un Comune alleato con tutti, soprattutto con i soggetti pi\u00f9 fragili per rendere la vita meno complicata \u00e8 il suo primo obiettivo.<\/p>\n<p>Rendere il Futuro per noi e per chi ci sar\u00e0, pi\u00f9 chiaro, con progetti lungimiranti, sar\u00e0 la sua stella polare.\u00a0<\/p>\n<p>Dalla sua, ci sono gli anni che ha speso formandosi con la frequentazione di movimenti che seguivano ideali democratici, antimafia ed ambientali.<\/p>\n<p>Si apre una nuova stagione politica ad Acquaviva . E\u2019 un sogno che si pu\u00f2 realizzare grazie al M5S e alla lista civica collegata a Rossella Giorgio Candidata Sindaca e all\u2019impegno dei cittadini e delle cittadine acquavivesi che vogliono realmente cambiare questa citt\u00e0.<\/p>\n\n<p><a class=\"a2a_button_facebook\" href=\"https:\/\/www.addtoany.com\/add_to\/facebook?linkurl=https%3A%2F%2Facquaviva.lavocedelpaese.info%2Findex.php%2F2023%2F03%2F25%2Fevento-di-presentazione-candidata-sindaca-m5s-acquaviva%2F&amp;linkname=Evento%20di%20presentazione%20Candidata%20Sindaca%20M5S%20Acquaviva\" title=\"Facebook\" target=\"_blank\" rel=\"noopener\"><\/a><a class=\"a2a_button_twitter\" href=\"https:\/\/www.addtoany.com\/add_to\/twitter?linkurl=https%3A%2F%2Facquaviva.lavocedelpaese.info%2Findex.php%2F2023%2F03%2F25%2Fevento-di-presentazione-candidata-sindaca-m5s-acquaviva%2F&amp;linkname=Evento%20di%20presentazione%20Candidata%20Sindaca%20M5S%20Acquaviva\" title=\"Twitter\" target=\"_blank\" rel=\"noopener\"><\/a><a class=\"a2a_button_whatsapp\" href=\"https:\/\/www.addtoany.com\/add_to\/whatsapp?linkurl=https%3A%2F%2Facquaviva.lavocedelpaese.info%2Findex.php%2F2023%2F03%2F25%2Fevento-di-presentazione-candidata-sindaca-m5s-acquaviva%2F&amp;linkname=Evento%20di%20presentazione%20Candidata%20Sindaca%20M5S%20Acquaviva\" title=\"WhatsApp\" target=\"_blank\" rel=\"noopener\"><\/a><a class=\"a2a_button_telegram\" href=\"https:\/\/www.addtoany.com\/add_to\/telegram?linkurl=https%3A%2F%2Facquaviva.lavocedelpaese.info%2Findex.php%2F2023%2F03%2F25%2Fevento-di-presentazione-candidata-sindaca-m5s-acquaviva%2F&amp;linkname=Evento%20di%20presentazione%20Candidata%20Sindaca%20M5S%20Acquaviva\" title=\"Telegram\" target=\"_blank\" rel=\"noopener\"><\/a><a class=\"a2a_button_email\" href=\"https:\/\/www.addtoany.com\/add_to\/email?linkurl=https%3A%2F%2Facquaviva.lavocedelpaese.info%2Findex.php%2F2023%2F03%2F25%2Fevento-di-presentazione-candidata-sindaca-m5s-acquaviva%2F&amp;linkname=Evento%20di%20presentazione%20Candidata%20Sindaca%20M5S%20Acquaviva\" title=\"Email\" target=\"_blank\" rel=\"noopener\"><\/a><\/p>\n<p>\u00a0<\/p>","protected":false},"excerpt":{"rendered":"<p>\u00a0 \u200b\u00a0 \u200bAcquaviva \u2013 La Voce del Paese\u00a0 Domenica 26 alle ore 19 in piazza dei Martiri Club 1799. Riceviamo<\/p>\n","protected":false},"author":0,"featured_media":0,"comment_status":"open","ping_status":"closed","sticky":false,"template":"","format":"standard","meta":{"colormag_page_container_layout":"default_layout","colormag_page_sidebar_layout":"default_layout","_monsterinsights_skip_tracking":false,"_monsterinsights_sitenote_active":false,"_monsterinsights_sitenote_note":"","_monsterinsights_sitenote_category":0,"footnotes":""},"categories":[1],"tags":[],"class_list":["post-1282","post","type-post","status-publish","format-standard","hentry","category-uncategorized"],"_links":{"self":[{"href":"https:\/\/noicattaro.lavocedelpaese.info\/index.php\/wp-json\/wp\/v2\/posts\/1282","targetHints":{"allow":["GET"]}}],"collection":[{"href":"https:\/\/noicattaro.lavocedelpaese.info\/index.php\/wp-json\/wp\/v2\/posts"}],"about":[{"href":"https:\/\/noicattaro.lavocedelpaese.info\/index.php\/wp-json\/wp\/v2\/types\/post"}],"replies":[{"embeddable":true,"href":"https:\/\/noicattaro.lavocedelpaese.info\/index.php\/wp-json\/wp\/v2\/comments?post=1282"}],"version-history":[{"count":0,"href":"https:\/\/noicattaro.lavocedelpaese.info\/index.php\/wp-json\/wp\/v2\/posts\/1282\/revisions"}],"wp:attachment":[{"href":"https:\/\/noicattaro.lavocedelpaese.info\/index.php\/wp-json\/wp\/v2\/media?parent=1282"}],"wp:term":[{"taxonomy":"category","embeddable":true,"href":"https:\/\/noicattaro.lavocedelpaese.info\/index.php\/wp-json\/wp\/v2\/categories?post=1282"},{"taxonomy":"post_tag","embeddable":true,"href":"https:\/\/noicattaro.lavocedelpaese.info\/index.php\/wp-json\/wp\/v2\/tags?post=1282"}],"curies":[{"name":"wp","href":"https:\/\/api.w.org\/{rel}","templated":true}]}}