{"id":1292,"date":"2023-03-27T11:46:26","date_gmt":"2023-03-27T11:46:26","guid":{"rendered":"https:\/\/lavocedelpaese.info\/index.php\/2023\/03\/27\/citta-di-tutti-la-bottega-gioia-del-colle-e-citta-sicura\/"},"modified":"2023-03-27T11:46:26","modified_gmt":"2023-03-27T11:46:26","slug":"citta-di-tutti-la-bottega-gioia-del-colle-e-citta-sicura","status":"publish","type":"post","link":"https:\/\/noicattaro.lavocedelpaese.info\/index.php\/2023\/03\/27\/citta-di-tutti-la-bottega-gioia-del-colle-e-citta-sicura\/","title":{"rendered":"Citt\u00e0 di Tutti \u2013 La Bottega: \u201cGioia del Colle \u00e8 citt\u00e0 sicura?\u201d"},"content":{"rendered":"<p>\u00a0<\/p>\n<p>\u200b\u00a0<\/p>\n<p>\u200bGioia \u2013 La Voce del Paese\u00a0<\/p>\n<div class=\"wp-block-image\">\n<\/div>\n<p>\u201cI recenti fatti di cronaca nera, <strong>sparatorie con feriti<\/strong> <strong>fra le vie del centro<\/strong>, accoltellamenti e recrudescenza di <strong>furti e rapine inducono a serie riflessioni<\/strong>.\u00a0<\/p>\n<p>Poche settimane fa <strong>il Sindaco Mastrangelo<\/strong>, in interviste a giornali, <strong>dichiarava<\/strong> orgoglioso <strong>che Gioia \u00e8 una citt\u00e0 sicura<\/strong>.<\/p>\n<p>Alla luce degli eventi criminosi,\u00a0 che non sono giunti all\u2019improvviso ma che si sono ripetuti anche in recenti anni passati e che sono attenzionati nei rapporti della D.I.A. (Direzione Nazionale Antimafia), le suddette dichiarazioni sono state quantomeno incaute se non improvvide. <strong>L\u2019ultimissimo rapporto della D.I.A.<\/strong>, supponiamo che tale rapporto sia stato letto dal Sindaco e dagli attuali \u201cgovernanti\u201d <strong>evidenzia che<\/strong> la penetrazione dei clan criminali nel tessuto socio economico della citt\u00e0 \u00e8 in forte crescita. E allora se <strong>il fenomeno \u00e8 in crescita<\/strong> come era ed \u00e8 evidente, se alcuni luoghi della citt\u00e0 sono diventati \u201cimpraticabili\u201d per timore di pallottole vaganti (l\u2019area attigua all\u2019Agenzia delle Entrate \u00e8 stata teatro pi\u00f9 volte di duelli di pistoleri), se furti, rapine e incendi di autovetture sono elementi ormai quasi quotidiani, perch\u00e9 tutta questa sottovalutazione del fenomeno?\u00a0<\/p>\n<p>Francamente ci saremmo aspettati da una compagine di destra (\u00e8 notoria l\u2019ossessione di questa compagine politica di conclamare solennemente \u2013 quando governano gli altri \u2013\u00a0 provvedimenti a tutela della sicurezza, contro l\u2019illegalit\u00e0, legge e ordine) una forte presa di posizione, una corale levata di scudi e un\u2019invocazione al Prefetto, al Questore, al Comando dei Carabinieri di immediati ed incisivi interventi (promessi tra l\u2019altro nello stesso programma di mandato del 2019 in cui si ammetteva che vi \u00e8 una \u201csensazione di insicurezza\u201d tra i cittadini), invece nulla o quasi.\u00a0<\/p>\n<p>Un silenzio assordante.\u00a0<\/p>\n<p><strong>Nessuno vuole alimentare alcuna psicosi ma<\/strong> quando le pallottole viaggiano per strada di mattina ed in luoghi affollati di servizi pubblici e di cittadini utenti <strong>sarebbe utile assumersi qualche responsabilit\u00e0<\/strong>.\u00a0<\/p>\n<p>Bene hanno fatto, di fronte all\u2019inerzia dell\u2019Amministrazione Comunale, le forze dell\u2019opposizione a presentare ordini del giorno e interpellanze, che saranno dibattute nel Consiglio Comunale di mercoled\u00ec p.v., finalizzate ad intraprendere serie iniziative affinch\u00e9 davvero Gioia diventi una citt\u00e0 sicura e la penetrazione criminale venga azzerata.\u00a0<\/p>\n<p><strong>La sicurezza dei cittadini \u00e8 un tema che interessa tutti<\/strong> e non pu\u00f2 essere solo un aspetto da usare strumentalmente alla bisogna. Ci aspettiamo iniziative concrete e un coinvolgimento attivo della comunit\u00e0 Gioiese perch\u00e9 <strong>l\u2019illegalit\u00e0 si combatte con la consapevolezza e l\u2019impegno dei cittadini<\/strong>\u201d.<\/p>\n<p class=\"has-text-align-right\">Uff. Comunicazione<\/p>\n<p class=\"has-text-align-right\"><strong>\u201cCitt\u00e0 di Tutti \u2013 La Bottega\u201d<\/strong><\/p>\n<p><a class=\"a2a_button_facebook\" href=\"https:\/\/www.addtoany.com\/add_to\/facebook?linkurl=https%3A%2F%2Fgioia.lavocedelpaese.info%2Findex.php%2F2023%2F03%2F27%2Fcitta-di-tutti-la-bottega-gioia-del-colle-e-citta-sicura%2F&amp;linkname=Citt%C3%A0%20di%20Tutti%20%E2%80%93%20La%20Bottega%3A%20%E2%80%9CGioia%20del%20Colle%20%C3%A8%20citt%C3%A0%20sicura%3F%E2%80%9D\" title=\"Facebook\" target=\"_blank\" rel=\"noopener\"><\/a><a class=\"a2a_button_twitter\" href=\"https:\/\/www.addtoany.com\/add_to\/twitter?linkurl=https%3A%2F%2Fgioia.lavocedelpaese.info%2Findex.php%2F2023%2F03%2F27%2Fcitta-di-tutti-la-bottega-gioia-del-colle-e-citta-sicura%2F&amp;linkname=Citt%C3%A0%20di%20Tutti%20%E2%80%93%20La%20Bottega%3A%20%E2%80%9CGioia%20del%20Colle%20%C3%A8%20citt%C3%A0%20sicura%3F%E2%80%9D\" title=\"Twitter\" target=\"_blank\" rel=\"noopener\"><\/a><a class=\"a2a_button_whatsapp\" href=\"https:\/\/www.addtoany.com\/add_to\/whatsapp?linkurl=https%3A%2F%2Fgioia.lavocedelpaese.info%2Findex.php%2F2023%2F03%2F27%2Fcitta-di-tutti-la-bottega-gioia-del-colle-e-citta-sicura%2F&amp;linkname=Citt%C3%A0%20di%20Tutti%20%E2%80%93%20La%20Bottega%3A%20%E2%80%9CGioia%20del%20Colle%20%C3%A8%20citt%C3%A0%20sicura%3F%E2%80%9D\" title=\"WhatsApp\" target=\"_blank\" rel=\"noopener\"><\/a><a class=\"a2a_button_telegram\" href=\"https:\/\/www.addtoany.com\/add_to\/telegram?linkurl=https%3A%2F%2Fgioia.lavocedelpaese.info%2Findex.php%2F2023%2F03%2F27%2Fcitta-di-tutti-la-bottega-gioia-del-colle-e-citta-sicura%2F&amp;linkname=Citt%C3%A0%20di%20Tutti%20%E2%80%93%20La%20Bottega%3A%20%E2%80%9CGioia%20del%20Colle%20%C3%A8%20citt%C3%A0%20sicura%3F%E2%80%9D\" title=\"Telegram\" target=\"_blank\" rel=\"noopener\"><\/a><a class=\"a2a_button_email\" href=\"https:\/\/www.addtoany.com\/add_to\/email?linkurl=https%3A%2F%2Fgioia.lavocedelpaese.info%2Findex.php%2F2023%2F03%2F27%2Fcitta-di-tutti-la-bottega-gioia-del-colle-e-citta-sicura%2F&amp;linkname=Citt%C3%A0%20di%20Tutti%20%E2%80%93%20La%20Bottega%3A%20%E2%80%9CGioia%20del%20Colle%20%C3%A8%20citt%C3%A0%20sicura%3F%E2%80%9D\" title=\"Email\" target=\"_blank\" rel=\"noopener\"><\/a><\/p>\n<p>\u00a0<\/p>","protected":false},"excerpt":{"rendered":"<p>\u00a0 \u200b\u00a0 \u200bGioia \u2013 La Voce del Paese\u00a0 \u201cI recenti fatti di cronaca nera, sparatorie con feriti fra le vie<\/p>\n","protected":false},"author":0,"featured_media":0,"comment_status":"open","ping_status":"closed","sticky":false,"template":"","format":"standard","meta":{"colormag_page_container_layout":"default_layout","colormag_page_sidebar_layout":"default_layout","_monsterinsights_skip_tracking":false,"_monsterinsights_sitenote_active":false,"_monsterinsights_sitenote_note":"","_monsterinsights_sitenote_category":0,"footnotes":""},"categories":[1],"tags":[],"class_list":["post-1292","post","type-post","status-publish","format-standard","hentry","category-uncategorized"],"_links":{"self":[{"href":"https:\/\/noicattaro.lavocedelpaese.info\/index.php\/wp-json\/wp\/v2\/posts\/1292","targetHints":{"allow":["GET"]}}],"collection":[{"href":"https:\/\/noicattaro.lavocedelpaese.info\/index.php\/wp-json\/wp\/v2\/posts"}],"about":[{"href":"https:\/\/noicattaro.lavocedelpaese.info\/index.php\/wp-json\/wp\/v2\/types\/post"}],"replies":[{"embeddable":true,"href":"https:\/\/noicattaro.lavocedelpaese.info\/index.php\/wp-json\/wp\/v2\/comments?post=1292"}],"version-history":[{"count":0,"href":"https:\/\/noicattaro.lavocedelpaese.info\/index.php\/wp-json\/wp\/v2\/posts\/1292\/revisions"}],"wp:attachment":[{"href":"https:\/\/noicattaro.lavocedelpaese.info\/index.php\/wp-json\/wp\/v2\/media?parent=1292"}],"wp:term":[{"taxonomy":"category","embeddable":true,"href":"https:\/\/noicattaro.lavocedelpaese.info\/index.php\/wp-json\/wp\/v2\/categories?post=1292"},{"taxonomy":"post_tag","embeddable":true,"href":"https:\/\/noicattaro.lavocedelpaese.info\/index.php\/wp-json\/wp\/v2\/tags?post=1292"}],"curies":[{"name":"wp","href":"https:\/\/api.w.org\/{rel}","templated":true}]}}