{"id":1342,"date":"2023-04-04T04:29:09","date_gmt":"2023-04-04T04:29:09","guid":{"rendered":"https:\/\/lavocedelpaese.info\/index.php\/2023\/04\/04\/a-particolare-femminile-le-liriche-di-giuseppe-milella\/"},"modified":"2023-04-04T04:29:09","modified_gmt":"2023-04-04T04:29:09","slug":"a-particolare-femminile-le-liriche-di-giuseppe-milella","status":"publish","type":"post","link":"https:\/\/noicattaro.lavocedelpaese.info\/index.php\/2023\/04\/04\/a-particolare-femminile-le-liriche-di-giuseppe-milella\/","title":{"rendered":"A \u201cParticolare femminile\u201d le liriche di Giuseppe Milella"},"content":{"rendered":"<p>\u00a0<\/p>\n<p>\u200b\u00a0<\/p>\n<p>\u200bCassano \u2013 La Voce del Paese\u00a0<\/p>\n<p>A Particolare femminile, si \u201ccattura l\u2019infinito\u201d con il poeta Giuseppe Millella mercoled\u00ec 5 aprile alle 19 a Cassano delle Murge presso la Pinacoteca Civica (Palazzo Miani-Perotti).<\/p>\n<p>Al di l\u00e0 degli ostacoli della realt\u00e0, oltre il tempo e lo spazio, l\u2019infinito. Poesia intimista pronta a cogliere i coinvolgimenti emotivi e psicologici, come specchi d\u2019acqua che riflettono i pensieri siano essi dolorosi o in alternanza a quelli gioiosi, quasi in un ossimoro di evocazioni e sensazioni. Essenzialit\u00e0 nella narrazione delle parole; ed essenziale \u00e8 anche la punteggiatura, ridotta all\u2019estremo paiono note per evidenziare non solo i significati in s\u00e9, ma creare magia in un pervasivo sussulto dei sensi declinato alla pura musicalit\u00e0.\u00a0<\/p>\n<p>Giuseppe Milella, insieme a Chiara Longo organizzatrice di eventi,\u00a0 presenter\u00e0 la sua opera che continua a riscuotendo notevoli consensi in tutt\u2019Italia ricevendo vari Premi e grande attenzione nel corso dei vari incontri letterari.<\/p>\n<p>\u201cParticolare femminile\u201d \u00e8 la rassegna culturale dedicata alla figura femminile ideata da Francesca Marsico la consulente del sindaco per \u201cle politiche di rigenerazione sociale e riqualificazione inclusiva e culturale\u201d ed in collaborazione con l\u2019assessore alla cultura e all\u2019istruzione del Comune di Cassano Vito Lionetti.<\/p>\n<p>Appuntamenti settimanali, il mercoled\u00ec, che nella con consuetudine raccontano la magia dell\u2019 contro e della poesia, finalizzati a fare conoscere alla comunit\u00e0 l\u2019importanza di raccontare, anche ai giorni nostri, il mondo al femminile declinato in ottiche specifiche riguardanti i temi pi\u00f9 disparati.<\/p>\n<p>Riflessione di libert\u00e0, leggerezza per raccontare temi seri e complessi, spesso difficili e scomodi, insieme a grandi professionisti che comunicheranno nuovi punti di vista, quotidianit\u00e0 sconosciute e criticit\u00e0 condizionate anche dalla societ\u00e0 attuale.<\/p>\n<p><a class=\"a2a_button_facebook\" href=\"https:\/\/www.addtoany.com\/add_to\/facebook?linkurl=https%3A%2F%2Fcassano.lavocedelpaese.info%2Findex.php%2F2023%2F04%2F04%2Fa-particolare-femminile-le-liriche-di-giuseppe-milella%2F&amp;linkname=A%20%E2%80%9CParticolare%20femminile%E2%80%9D%20le%20liriche%20di%20Giuseppe%20Milella\" title=\"Facebook\" target=\"_blank\" rel=\"noopener\"><\/a><a class=\"a2a_button_twitter\" href=\"https:\/\/www.addtoany.com\/add_to\/twitter?linkurl=https%3A%2F%2Fcassano.lavocedelpaese.info%2Findex.php%2F2023%2F04%2F04%2Fa-particolare-femminile-le-liriche-di-giuseppe-milella%2F&amp;linkname=A%20%E2%80%9CParticolare%20femminile%E2%80%9D%20le%20liriche%20di%20Giuseppe%20Milella\" title=\"Twitter\" target=\"_blank\" rel=\"noopener\"><\/a><a class=\"a2a_button_whatsapp\" href=\"https:\/\/www.addtoany.com\/add_to\/whatsapp?linkurl=https%3A%2F%2Fcassano.lavocedelpaese.info%2Findex.php%2F2023%2F04%2F04%2Fa-particolare-femminile-le-liriche-di-giuseppe-milella%2F&amp;linkname=A%20%E2%80%9CParticolare%20femminile%E2%80%9D%20le%20liriche%20di%20Giuseppe%20Milella\" title=\"WhatsApp\" target=\"_blank\" rel=\"noopener\"><\/a><a class=\"a2a_button_telegram\" href=\"https:\/\/www.addtoany.com\/add_to\/telegram?linkurl=https%3A%2F%2Fcassano.lavocedelpaese.info%2Findex.php%2F2023%2F04%2F04%2Fa-particolare-femminile-le-liriche-di-giuseppe-milella%2F&amp;linkname=A%20%E2%80%9CParticolare%20femminile%E2%80%9D%20le%20liriche%20di%20Giuseppe%20Milella\" title=\"Telegram\" target=\"_blank\" rel=\"noopener\"><\/a><a class=\"a2a_button_email\" href=\"https:\/\/www.addtoany.com\/add_to\/email?linkurl=https%3A%2F%2Fcassano.lavocedelpaese.info%2Findex.php%2F2023%2F04%2F04%2Fa-particolare-femminile-le-liriche-di-giuseppe-milella%2F&amp;linkname=A%20%E2%80%9CParticolare%20femminile%E2%80%9D%20le%20liriche%20di%20Giuseppe%20Milella\" title=\"Email\" target=\"_blank\" rel=\"noopener\"><\/a><\/p>\n<p>\u00a0<\/p>","protected":false},"excerpt":{"rendered":"<p>\u00a0 \u200b\u00a0 \u200bCassano \u2013 La Voce del Paese\u00a0 A Particolare femminile, si \u201ccattura l\u2019infinito\u201d con il poeta Giuseppe Millella mercoled\u00ec<\/p>\n","protected":false},"author":0,"featured_media":0,"comment_status":"open","ping_status":"closed","sticky":false,"template":"","format":"standard","meta":{"colormag_page_container_layout":"default_layout","colormag_page_sidebar_layout":"default_layout","_monsterinsights_skip_tracking":false,"_monsterinsights_sitenote_active":false,"_monsterinsights_sitenote_note":"","_monsterinsights_sitenote_category":0,"footnotes":""},"categories":[1],"tags":[],"class_list":["post-1342","post","type-post","status-publish","format-standard","hentry","category-uncategorized"],"_links":{"self":[{"href":"https:\/\/noicattaro.lavocedelpaese.info\/index.php\/wp-json\/wp\/v2\/posts\/1342","targetHints":{"allow":["GET"]}}],"collection":[{"href":"https:\/\/noicattaro.lavocedelpaese.info\/index.php\/wp-json\/wp\/v2\/posts"}],"about":[{"href":"https:\/\/noicattaro.lavocedelpaese.info\/index.php\/wp-json\/wp\/v2\/types\/post"}],"replies":[{"embeddable":true,"href":"https:\/\/noicattaro.lavocedelpaese.info\/index.php\/wp-json\/wp\/v2\/comments?post=1342"}],"version-history":[{"count":0,"href":"https:\/\/noicattaro.lavocedelpaese.info\/index.php\/wp-json\/wp\/v2\/posts\/1342\/revisions"}],"wp:attachment":[{"href":"https:\/\/noicattaro.lavocedelpaese.info\/index.php\/wp-json\/wp\/v2\/media?parent=1342"}],"wp:term":[{"taxonomy":"category","embeddable":true,"href":"https:\/\/noicattaro.lavocedelpaese.info\/index.php\/wp-json\/wp\/v2\/categories?post=1342"},{"taxonomy":"post_tag","embeddable":true,"href":"https:\/\/noicattaro.lavocedelpaese.info\/index.php\/wp-json\/wp\/v2\/tags?post=1342"}],"curies":[{"name":"wp","href":"https:\/\/api.w.org\/{rel}","templated":true}]}}