{"id":1357,"date":"2023-04-06T07:17:13","date_gmt":"2023-04-06T07:17:13","guid":{"rendered":"https:\/\/lavocedelpaese.info\/index.php\/2023\/04\/06\/venerdi-santo-il-programma-della-via-crucis\/"},"modified":"2023-04-06T07:17:13","modified_gmt":"2023-04-06T07:17:13","slug":"venerdi-santo-il-programma-della-via-crucis","status":"publish","type":"post","link":"https:\/\/noicattaro.lavocedelpaese.info\/index.php\/2023\/04\/06\/venerdi-santo-il-programma-della-via-crucis\/","title":{"rendered":"Venerd\u00ec Santo, il programma della Via Crucis"},"content":{"rendered":"<p>\u00a0<\/p>\n<p>\u200b\u00a0<\/p>\n<p>\u200bTuri \u2013 La Voce del Paese\u00a0<\/p>\n<p>La Settimana Santa \u00e8 uno dei momenti pi\u00f9 intensi della liturgia cattolica che contempla gli avvenimenti che riguardano gli ultimi giorni della vita terrena di Ges\u00f9: dall\u2019ingresso a Gerusalemme (Domenica delle Palme) alla morte e resurrezione, passando per la rievocazione dell\u2019ultima cena e della Via della Croce.<\/p>\n<p>Proprio in occasione della Via Crucis, venerd\u00ec 7 aprile, si svolger\u00e0 la suggestiva la Processione dei Misteri, di cui vi riportiamo i dettagli. \u00a0<\/p>\n<p><strong>Ore 18,00<br \/><\/strong>Dalla chiesa Maria SS. Ausiliatrice ha inizio la processione dei Misteri (gruppi statuari: Cristo nel Getsemani, Ecce Homo, Cristo con la croce, La piet\u00e0) che, percorrendo via Ten. Notarnicola, via Chiarappa, via Principe Umberto, raggiunge largo San Giovanni<\/p>\n<p><strong>Ore 19,00<\/strong><\/p>\n<p>Dalla chiesa di San Giovanni Battista escono altri due gruppi statuari (il Calvario e Ges\u00f9 morto) e si inseriscono nel corteo processionale.<br \/>La processione cos\u00ec composta prosegue per via Maggiore Orlandi, fino a Piazza Silvio Orlandi, imboccando poi via XX Settembre, per fermarsi dinanzi al portale della chiesa di San Domenico, in attesa dell\u2019Addolorata e del Santo Legno della Croce.<\/p>\n<p><strong>Ore 19,15<\/strong><\/p>\n<p>Dalla chiesa di San Domenico muove la processione dell\u2019Addolorata che, percorrendo via XX Settembre, piazza Silvio Orlandi e piazza Chiesa, raggiunge la Chiesa Madre, entrando in chiesa sul finire della predica della \u201cPassione\u201d \u2013 \u201cVieni, Maria!\u201d. Da qui, il simulacro ritorna verso piazza Silvio Orlandi, per congiungersi al corteo processionale.<\/p>\n<p><strong>Ore 20,00<\/strong><\/p>\n<p>Dalla chiesa Madre procede il Santo Legno della Croce che, attraverso piazza Chiesa, raggiunge il corteo processionale. Si compone un unico corteo processionale e contestualmente si d\u00e0 inizio alla Via Crucis, che da piazza Silvio Orlandi si snoder\u00e0 per le vie cittadine fino a raggiungere il sagrato di Santa Chiara, dove verr\u00e0 impartita la benedizione.<\/p>\n<p><a class=\"a2a_button_facebook\" href=\"https:\/\/www.addtoany.com\/add_to\/facebook?linkurl=https%3A%2F%2Fturi.lavocedelpaese.info%2Fvenerdi-santo-il-programma-della-via-crucis%2F&amp;linkname=Venerd%C3%AC%20Santo%2C%20il%20programma%20della%20Via%20Crucis\" title=\"Facebook\" target=\"_blank\" rel=\"noopener\"><\/a><a class=\"a2a_button_twitter\" href=\"https:\/\/www.addtoany.com\/add_to\/twitter?linkurl=https%3A%2F%2Fturi.lavocedelpaese.info%2Fvenerdi-santo-il-programma-della-via-crucis%2F&amp;linkname=Venerd%C3%AC%20Santo%2C%20il%20programma%20della%20Via%20Crucis\" title=\"Twitter\" target=\"_blank\" rel=\"noopener\"><\/a><a class=\"a2a_button_whatsapp\" href=\"https:\/\/www.addtoany.com\/add_to\/whatsapp?linkurl=https%3A%2F%2Fturi.lavocedelpaese.info%2Fvenerdi-santo-il-programma-della-via-crucis%2F&amp;linkname=Venerd%C3%AC%20Santo%2C%20il%20programma%20della%20Via%20Crucis\" title=\"WhatsApp\" target=\"_blank\" rel=\"noopener\"><\/a><a class=\"a2a_button_telegram\" href=\"https:\/\/www.addtoany.com\/add_to\/telegram?linkurl=https%3A%2F%2Fturi.lavocedelpaese.info%2Fvenerdi-santo-il-programma-della-via-crucis%2F&amp;linkname=Venerd%C3%AC%20Santo%2C%20il%20programma%20della%20Via%20Crucis\" title=\"Telegram\" target=\"_blank\" rel=\"noopener\"><\/a><a class=\"a2a_button_email\" href=\"https:\/\/www.addtoany.com\/add_to\/email?linkurl=https%3A%2F%2Fturi.lavocedelpaese.info%2Fvenerdi-santo-il-programma-della-via-crucis%2F&amp;linkname=Venerd%C3%AC%20Santo%2C%20il%20programma%20della%20Via%20Crucis\" title=\"Email\" target=\"_blank\" rel=\"noopener\"><\/a><\/p>\n<p>\u00a0<\/p>","protected":false},"excerpt":{"rendered":"<p>\u00a0 \u200b\u00a0 \u200bTuri \u2013 La Voce del Paese\u00a0 La Settimana Santa \u00e8 uno dei momenti pi\u00f9 intensi della liturgia cattolica<\/p>\n","protected":false},"author":0,"featured_media":0,"comment_status":"open","ping_status":"closed","sticky":false,"template":"","format":"standard","meta":{"colormag_page_container_layout":"default_layout","colormag_page_sidebar_layout":"default_layout","_monsterinsights_skip_tracking":false,"_monsterinsights_sitenote_active":false,"_monsterinsights_sitenote_note":"","_monsterinsights_sitenote_category":0,"footnotes":""},"categories":[1],"tags":[],"class_list":["post-1357","post","type-post","status-publish","format-standard","hentry","category-uncategorized"],"_links":{"self":[{"href":"https:\/\/noicattaro.lavocedelpaese.info\/index.php\/wp-json\/wp\/v2\/posts\/1357","targetHints":{"allow":["GET"]}}],"collection":[{"href":"https:\/\/noicattaro.lavocedelpaese.info\/index.php\/wp-json\/wp\/v2\/posts"}],"about":[{"href":"https:\/\/noicattaro.lavocedelpaese.info\/index.php\/wp-json\/wp\/v2\/types\/post"}],"replies":[{"embeddable":true,"href":"https:\/\/noicattaro.lavocedelpaese.info\/index.php\/wp-json\/wp\/v2\/comments?post=1357"}],"version-history":[{"count":0,"href":"https:\/\/noicattaro.lavocedelpaese.info\/index.php\/wp-json\/wp\/v2\/posts\/1357\/revisions"}],"wp:attachment":[{"href":"https:\/\/noicattaro.lavocedelpaese.info\/index.php\/wp-json\/wp\/v2\/media?parent=1357"}],"wp:term":[{"taxonomy":"category","embeddable":true,"href":"https:\/\/noicattaro.lavocedelpaese.info\/index.php\/wp-json\/wp\/v2\/categories?post=1357"},{"taxonomy":"post_tag","embeddable":true,"href":"https:\/\/noicattaro.lavocedelpaese.info\/index.php\/wp-json\/wp\/v2\/tags?post=1357"}],"curies":[{"name":"wp","href":"https:\/\/api.w.org\/{rel}","templated":true}]}}