{"id":1368,"date":"2023-04-09T00:18:14","date_gmt":"2023-04-09T00:18:14","guid":{"rendered":"https:\/\/lavocedelpaese.info\/index.php\/2023\/04\/09\/tragedia-in-via-resta-indagini-in-corso\/"},"modified":"2023-04-09T00:18:14","modified_gmt":"2023-04-09T00:18:14","slug":"tragedia-in-via-resta-indagini-in-corso","status":"publish","type":"post","link":"https:\/\/noicattaro.lavocedelpaese.info\/index.php\/2023\/04\/09\/tragedia-in-via-resta-indagini-in-corso\/","title":{"rendered":"Tragedia in via Resta. Indagini in corso"},"content":{"rendered":"<p>\u00a0<\/p>\n<p>\u200b\u00a0<\/p>\n<p>\u200bTuri \u2013 La Voce del Paese\u00a0<\/p>\n<p>Una donna 48enne, originaria di Sammichele ma da tempo residente a Turi, si sarebbe tolta la vita, lasciandosi cadere dal quinto piano di un\u2019abitazione in via Domenico Resta, dove risiedeva insieme al suo compagno e alla figlia 19enne.<\/p>\n<p>L\u2019altezza del salto nel vuoto e l\u2019impatto con un\u2019auto parcheggiata in strada sono stati fatali per la giovane donna: quando i paramedici sono giunti, assieme ai militari della Stazione di Turi, non hanno potuto far altro che constatarne il decesso.<\/p>\n<p>Lo sgomento per il tragico episodio, verificatosi intorno alle 2.00 della notte tra il 7 e l\u20198 aprile, \u00e8 stato espresso dal sindaco Tina Resta in un messaggio di cordoglio, condiviso sui social: \u00abSar\u00e0 un giorno di Pasqua triste. Stanotte una giovane donna \u00e8 precipitata dal quinto piano ed \u00e8 deceduta. Sono incredula e amareggiata. Gli inquirenti stanno analizzando i fatti e li ringrazio davvero per il loro delicato lavoro. Il resto \u00e8 solo un rispettoso silenzio\u00bb.<\/p>\n<p class=\"has-text-align-right\"><strong><em>foto di repertorio<\/em><\/strong><\/p>\n<p><a class=\"a2a_button_facebook\" href=\"https:\/\/www.addtoany.com\/add_to\/facebook?linkurl=https%3A%2F%2Fturi.lavocedelpaese.info%2Ftragedia-in-via-resta-indagini-in-corso%2F&amp;linkname=Tragedia%20in%20via%20Resta.%20Indagini%20in%20corso\" title=\"Facebook\" target=\"_blank\" rel=\"noopener\"><\/a><a class=\"a2a_button_twitter\" href=\"https:\/\/www.addtoany.com\/add_to\/twitter?linkurl=https%3A%2F%2Fturi.lavocedelpaese.info%2Ftragedia-in-via-resta-indagini-in-corso%2F&amp;linkname=Tragedia%20in%20via%20Resta.%20Indagini%20in%20corso\" title=\"Twitter\" target=\"_blank\" rel=\"noopener\"><\/a><a class=\"a2a_button_whatsapp\" href=\"https:\/\/www.addtoany.com\/add_to\/whatsapp?linkurl=https%3A%2F%2Fturi.lavocedelpaese.info%2Ftragedia-in-via-resta-indagini-in-corso%2F&amp;linkname=Tragedia%20in%20via%20Resta.%20Indagini%20in%20corso\" title=\"WhatsApp\" target=\"_blank\" rel=\"noopener\"><\/a><a class=\"a2a_button_telegram\" href=\"https:\/\/www.addtoany.com\/add_to\/telegram?linkurl=https%3A%2F%2Fturi.lavocedelpaese.info%2Ftragedia-in-via-resta-indagini-in-corso%2F&amp;linkname=Tragedia%20in%20via%20Resta.%20Indagini%20in%20corso\" title=\"Telegram\" target=\"_blank\" rel=\"noopener\"><\/a><a class=\"a2a_button_email\" href=\"https:\/\/www.addtoany.com\/add_to\/email?linkurl=https%3A%2F%2Fturi.lavocedelpaese.info%2Ftragedia-in-via-resta-indagini-in-corso%2F&amp;linkname=Tragedia%20in%20via%20Resta.%20Indagini%20in%20corso\" title=\"Email\" target=\"_blank\" rel=\"noopener\"><\/a><\/p>\n<p>\u00a0<\/p>","protected":false},"excerpt":{"rendered":"<p>\u00a0 \u200b\u00a0 \u200bTuri \u2013 La Voce del Paese\u00a0 Una donna 48enne, originaria di Sammichele ma da tempo residente a Turi,<\/p>\n","protected":false},"author":0,"featured_media":0,"comment_status":"open","ping_status":"closed","sticky":false,"template":"","format":"standard","meta":{"colormag_page_container_layout":"default_layout","colormag_page_sidebar_layout":"default_layout","_monsterinsights_skip_tracking":false,"_monsterinsights_sitenote_active":false,"_monsterinsights_sitenote_note":"","_monsterinsights_sitenote_category":0,"footnotes":""},"categories":[1],"tags":[],"class_list":["post-1368","post","type-post","status-publish","format-standard","hentry","category-uncategorized"],"_links":{"self":[{"href":"https:\/\/noicattaro.lavocedelpaese.info\/index.php\/wp-json\/wp\/v2\/posts\/1368","targetHints":{"allow":["GET"]}}],"collection":[{"href":"https:\/\/noicattaro.lavocedelpaese.info\/index.php\/wp-json\/wp\/v2\/posts"}],"about":[{"href":"https:\/\/noicattaro.lavocedelpaese.info\/index.php\/wp-json\/wp\/v2\/types\/post"}],"replies":[{"embeddable":true,"href":"https:\/\/noicattaro.lavocedelpaese.info\/index.php\/wp-json\/wp\/v2\/comments?post=1368"}],"version-history":[{"count":0,"href":"https:\/\/noicattaro.lavocedelpaese.info\/index.php\/wp-json\/wp\/v2\/posts\/1368\/revisions"}],"wp:attachment":[{"href":"https:\/\/noicattaro.lavocedelpaese.info\/index.php\/wp-json\/wp\/v2\/media?parent=1368"}],"wp:term":[{"taxonomy":"category","embeddable":true,"href":"https:\/\/noicattaro.lavocedelpaese.info\/index.php\/wp-json\/wp\/v2\/categories?post=1368"},{"taxonomy":"post_tag","embeddable":true,"href":"https:\/\/noicattaro.lavocedelpaese.info\/index.php\/wp-json\/wp\/v2\/tags?post=1368"}],"curies":[{"name":"wp","href":"https:\/\/api.w.org\/{rel}","templated":true}]}}