{"id":1411,"date":"2023-04-19T20:24:44","date_gmt":"2023-04-19T20:24:44","guid":{"rendered":"https:\/\/lavocedelpaese.info\/index.php\/2023\/04\/19\/invito-al-teatro-non-solo-lettura-e-musica\/"},"modified":"2023-04-19T20:24:44","modified_gmt":"2023-04-19T20:24:44","slug":"invito-al-teatro-non-solo-lettura-e-musica","status":"publish","type":"post","link":"https:\/\/noicattaro.lavocedelpaese.info\/index.php\/2023\/04\/19\/invito-al-teatro-non-solo-lettura-e-musica\/","title":{"rendered":"Invito al teatro, non solo lettura e musica"},"content":{"rendered":"<p>\u00a0<\/p>\n<p>\u200b\u00a0<\/p>\n<p>\u200bAcquaviva \u2013 La Voce del Paese\u00a0<\/p>\n<p>In questa settimana si sta svolgendo nella nostra cittadina \u201cteatri di acqua\u201duna serie di attivit\u00e0 culturali rivolte ai bambini e curata dalla direttrice artistica Rosanna Ventura. La nostra associazione ha partecipato con due eventi, uno targato Nati per Leggere \u201cletture per stare bene insieme\u201d e la presentazione di un libro \u201cFuga da Diversilandia\u201d (con un laboratorio di fumetti tenuto da Giuseppe Sansone) della Aps Strada facendo che si occupa di bambini con disabilit\u00e0. Abbiamo coinvolto e ne siamo contenti una quarantina di famiglie.<br \/>Da anni la nostra associazione si occupa di lettura e non solo ( ultima arrivata \u00e8 la nostra sezione di nati per la musica di cui Chiara Ceo e Giuliana Milano sono le responsabili e che stanno svolgendo un corso sull\u2019 avvicinanento alla musicalit\u00e0 rivolto ai bambini dai tre ai cinque anni). I nostri incontri di lettura abbracciano ogni et\u00e0 dai zero a sedici anni. Filastrocche per i lattanti, Pezzettino e il leone che non sapeva scrivere per i piccoli dai due ai cinque anni del nostro gruppo NpL, i laboratori sulle emozione di Antonella, la sagra di Harry Potter a cura di Adele per gli appassionati del maghetto , i classici,dalla Iliade a Shakespeare per gli adolescenti con Penelope Circe e Ulisse.<\/p>\n<p>Abbiamo un altra passione quella del teatro.<br \/>Nasce dalla lettura dei testi che proponiamo e in questi progetti c\u2019\u00e8 la passione ed esperienza del nostro socio e amico Antonio Lamanna che sta portando avanti un bel progetto con gli adolescenti del Associazione Culturale Il Circolo del Grillo Parlante Junior.<\/p>\n<p>Ma arriviamo al dunque. Dopo tanti anni abbiamo la possibilit\u00e0 di portare a teatro i nostri bimbi. Durante questa settimana la Associazione Ombre apre le porte del teatro Luciani ai piccoli di Acquaviva con una serie di spettacoli di ottimo livello. \u00c8 una occasione da non perdere. Portate i vostri bambini a fare questa esperienza rimarrete stupiti.<br \/>Secondo un importante studio di \u201csave the children\u201d sulla cosiddetta povert\u00e0 educativa nelle regioni meridionali solo un bambino su dieci al di sotto dei dieci anni ha avuto la possibilit\u00e0 di assistere ad uno spettacolo teatrale contro una media nazionale di quattro bambini su dieci. Un dato sconfortante perch\u00e9 indica che, anche da un punto di vista della cultura siamo molto indietro. La cultura \u00e8 la chiave di molti successi nella vita a partire dalla scuola. A scuola si deve arrivare con dei pre requisiti e con delle competenze che solo genitori possono offrire ai loro figli.<br \/>Come? Attraverso una continua offerta di opportunit\u00e0 per crescere e far scoprire nuove realt\u00e0.<br \/>Il teatro \u00e8 una di queste. Portate i vostri figli a teatro in questi giorni. Questo \u00e8 il nostro consiglio. Chiss\u00e0 che qualcuno dei bambini non diventi un attore o anche no magari da grande andr\u00e0 a teatro con i propri bambini<br \/>Non perdete le cose belle tutti al teatro Luciani con i bambini. Ringrazio La direttrice artistica Rosanna Ventura per aver portato ad Acquaviva Teatri d\u2019acqua.<\/p>\n<p>Ringrazio tutti i soci che attualmente danno vita a questa associazione. Antonio Lamanna, Pina Montenegro , Marisa Caporusso,Lucrezia Maselli, Antonella quatraro, Adele Martellotta, Nicoletta faliero, Carla Bruno, rossella Plantamura, RosaDea Bertini,Nadia Risola,Manuela Cardamone,Loredana Marinelli Gabriella Sapone Dory Ninnivaggi,Monia Carella Chiara Ceo e Giuliana Milano e tutti i genitori che ci sostengono.<\/p>\n<p><strong>Rocco Saldutti pediatra<\/strong><\/p>\n\n<p><a class=\"a2a_button_facebook\" href=\"https:\/\/www.addtoany.com\/add_to\/facebook?linkurl=https%3A%2F%2Facquaviva.lavocedelpaese.info%2Findex.php%2F2023%2F04%2F19%2Finvito-al-teatro-non-solo-lettura-e-musica%2F&amp;linkname=Invito%20al%20teatro%2C%20non%20solo%20lettura%20e%20musica\" title=\"Facebook\" target=\"_blank\" rel=\"noopener\"><\/a><a class=\"a2a_button_twitter\" href=\"https:\/\/www.addtoany.com\/add_to\/twitter?linkurl=https%3A%2F%2Facquaviva.lavocedelpaese.info%2Findex.php%2F2023%2F04%2F19%2Finvito-al-teatro-non-solo-lettura-e-musica%2F&amp;linkname=Invito%20al%20teatro%2C%20non%20solo%20lettura%20e%20musica\" title=\"Twitter\" target=\"_blank\" rel=\"noopener\"><\/a><a class=\"a2a_button_whatsapp\" href=\"https:\/\/www.addtoany.com\/add_to\/whatsapp?linkurl=https%3A%2F%2Facquaviva.lavocedelpaese.info%2Findex.php%2F2023%2F04%2F19%2Finvito-al-teatro-non-solo-lettura-e-musica%2F&amp;linkname=Invito%20al%20teatro%2C%20non%20solo%20lettura%20e%20musica\" title=\"WhatsApp\" target=\"_blank\" rel=\"noopener\"><\/a><a class=\"a2a_button_telegram\" href=\"https:\/\/www.addtoany.com\/add_to\/telegram?linkurl=https%3A%2F%2Facquaviva.lavocedelpaese.info%2Findex.php%2F2023%2F04%2F19%2Finvito-al-teatro-non-solo-lettura-e-musica%2F&amp;linkname=Invito%20al%20teatro%2C%20non%20solo%20lettura%20e%20musica\" title=\"Telegram\" target=\"_blank\" rel=\"noopener\"><\/a><a class=\"a2a_button_email\" href=\"https:\/\/www.addtoany.com\/add_to\/email?linkurl=https%3A%2F%2Facquaviva.lavocedelpaese.info%2Findex.php%2F2023%2F04%2F19%2Finvito-al-teatro-non-solo-lettura-e-musica%2F&amp;linkname=Invito%20al%20teatro%2C%20non%20solo%20lettura%20e%20musica\" title=\"Email\" target=\"_blank\" rel=\"noopener\"><\/a><\/p>\n<p>\u00a0<\/p>","protected":false},"excerpt":{"rendered":"<p>\u00a0 \u200b\u00a0 \u200bAcquaviva \u2013 La Voce del Paese\u00a0 In questa settimana si sta svolgendo nella nostra cittadina \u201cteatri di acqua\u201duna<\/p>\n","protected":false},"author":0,"featured_media":0,"comment_status":"open","ping_status":"closed","sticky":false,"template":"","format":"standard","meta":{"colormag_page_container_layout":"default_layout","colormag_page_sidebar_layout":"default_layout","_monsterinsights_skip_tracking":false,"_monsterinsights_sitenote_active":false,"_monsterinsights_sitenote_note":"","_monsterinsights_sitenote_category":0,"footnotes":""},"categories":[1],"tags":[],"class_list":["post-1411","post","type-post","status-publish","format-standard","hentry","category-uncategorized"],"_links":{"self":[{"href":"https:\/\/noicattaro.lavocedelpaese.info\/index.php\/wp-json\/wp\/v2\/posts\/1411","targetHints":{"allow":["GET"]}}],"collection":[{"href":"https:\/\/noicattaro.lavocedelpaese.info\/index.php\/wp-json\/wp\/v2\/posts"}],"about":[{"href":"https:\/\/noicattaro.lavocedelpaese.info\/index.php\/wp-json\/wp\/v2\/types\/post"}],"replies":[{"embeddable":true,"href":"https:\/\/noicattaro.lavocedelpaese.info\/index.php\/wp-json\/wp\/v2\/comments?post=1411"}],"version-history":[{"count":0,"href":"https:\/\/noicattaro.lavocedelpaese.info\/index.php\/wp-json\/wp\/v2\/posts\/1411\/revisions"}],"wp:attachment":[{"href":"https:\/\/noicattaro.lavocedelpaese.info\/index.php\/wp-json\/wp\/v2\/media?parent=1411"}],"wp:term":[{"taxonomy":"category","embeddable":true,"href":"https:\/\/noicattaro.lavocedelpaese.info\/index.php\/wp-json\/wp\/v2\/categories?post=1411"},{"taxonomy":"post_tag","embeddable":true,"href":"https:\/\/noicattaro.lavocedelpaese.info\/index.php\/wp-json\/wp\/v2\/tags?post=1411"}],"curies":[{"name":"wp","href":"https:\/\/api.w.org\/{rel}","templated":true}]}}