{"id":1416,"date":"2023-04-20T09:14:07","date_gmt":"2023-04-20T09:14:07","guid":{"rendered":"https:\/\/lavocedelpaese.info\/index.php\/2023\/04\/20\/avviso-ai-cittadini-anticipato-il-mercato-settimanale\/"},"modified":"2023-04-20T09:14:07","modified_gmt":"2023-04-20T09:14:07","slug":"avviso-ai-cittadini-anticipato-il-mercato-settimanale","status":"publish","type":"post","link":"https:\/\/noicattaro.lavocedelpaese.info\/index.php\/2023\/04\/20\/avviso-ai-cittadini-anticipato-il-mercato-settimanale\/","title":{"rendered":"AVVISO AI CITTADINI: Anticipato il mercato settimanale"},"content":{"rendered":"<p>\u00a0<\/p>\n<p>\u200b\u00a0<\/p>\n<p>\u200bGioia \u2013 La Voce del Paese\u00a0<\/p>\n<p>\u201cConsiderata la concomitanza con la <strong>Festa della Liberazione<\/strong>, <strong>il mercato settimanale<\/strong>, in programma marted\u00ec 25 aprile, \u00e8 stato <strong>anticipato a luned\u00ec 24 aprile\u201d<\/strong>.<\/p>\n<div class=\"wp-block-file aligncenter\"><a href=\"https:\/\/gioia.lavocedelpaese.info\/wp-content\/uploads\/2023\/04\/ORDINANZA-N.19-DEL-17-APRILE-2023.pdf\">ORDINANZA-N.19-DEL-17-APRILE-2023<\/a><a href=\"https:\/\/gioia.lavocedelpaese.info\/wp-content\/uploads\/2023\/04\/ORDINANZA-N.19-DEL-17-APRILE-2023.pdf\" class=\"wp-block-file__button wp-element-button\">Download<\/a><\/div>\n<p><a class=\"a2a_button_facebook\" href=\"https:\/\/www.addtoany.com\/add_to\/facebook?linkurl=https%3A%2F%2Fgioia.lavocedelpaese.info%2Findex.php%2F2023%2F04%2F20%2Favviso-ai-cittadini-anticipato-il-mercato-settimanale%2F&amp;linkname=AVVISO%20AI%20CITTADINI%3A%20Anticipato%20il%20mercato%20settimanale\" title=\"Facebook\" target=\"_blank\" rel=\"noopener\"><\/a><a class=\"a2a_button_twitter\" href=\"https:\/\/www.addtoany.com\/add_to\/twitter?linkurl=https%3A%2F%2Fgioia.lavocedelpaese.info%2Findex.php%2F2023%2F04%2F20%2Favviso-ai-cittadini-anticipato-il-mercato-settimanale%2F&amp;linkname=AVVISO%20AI%20CITTADINI%3A%20Anticipato%20il%20mercato%20settimanale\" title=\"Twitter\" target=\"_blank\" rel=\"noopener\"><\/a><a class=\"a2a_button_whatsapp\" href=\"https:\/\/www.addtoany.com\/add_to\/whatsapp?linkurl=https%3A%2F%2Fgioia.lavocedelpaese.info%2Findex.php%2F2023%2F04%2F20%2Favviso-ai-cittadini-anticipato-il-mercato-settimanale%2F&amp;linkname=AVVISO%20AI%20CITTADINI%3A%20Anticipato%20il%20mercato%20settimanale\" title=\"WhatsApp\" target=\"_blank\" rel=\"noopener\"><\/a><a class=\"a2a_button_telegram\" href=\"https:\/\/www.addtoany.com\/add_to\/telegram?linkurl=https%3A%2F%2Fgioia.lavocedelpaese.info%2Findex.php%2F2023%2F04%2F20%2Favviso-ai-cittadini-anticipato-il-mercato-settimanale%2F&amp;linkname=AVVISO%20AI%20CITTADINI%3A%20Anticipato%20il%20mercato%20settimanale\" title=\"Telegram\" target=\"_blank\" rel=\"noopener\"><\/a><a class=\"a2a_button_email\" href=\"https:\/\/www.addtoany.com\/add_to\/email?linkurl=https%3A%2F%2Fgioia.lavocedelpaese.info%2Findex.php%2F2023%2F04%2F20%2Favviso-ai-cittadini-anticipato-il-mercato-settimanale%2F&amp;linkname=AVVISO%20AI%20CITTADINI%3A%20Anticipato%20il%20mercato%20settimanale\" title=\"Email\" target=\"_blank\" rel=\"noopener\"><\/a><\/p>\n<p>\u00a0<\/p>","protected":false},"excerpt":{"rendered":"<p>\u00a0 \u200b\u00a0 \u200bGioia \u2013 La Voce del Paese\u00a0 \u201cConsiderata la concomitanza con la Festa della Liberazione, il mercato settimanale, in<\/p>\n","protected":false},"author":0,"featured_media":0,"comment_status":"open","ping_status":"closed","sticky":false,"template":"","format":"standard","meta":{"colormag_page_container_layout":"default_layout","colormag_page_sidebar_layout":"default_layout","_monsterinsights_skip_tracking":false,"_monsterinsights_sitenote_active":false,"_monsterinsights_sitenote_note":"","_monsterinsights_sitenote_category":0,"footnotes":""},"categories":[1],"tags":[],"class_list":["post-1416","post","type-post","status-publish","format-standard","hentry","category-uncategorized"],"_links":{"self":[{"href":"https:\/\/noicattaro.lavocedelpaese.info\/index.php\/wp-json\/wp\/v2\/posts\/1416","targetHints":{"allow":["GET"]}}],"collection":[{"href":"https:\/\/noicattaro.lavocedelpaese.info\/index.php\/wp-json\/wp\/v2\/posts"}],"about":[{"href":"https:\/\/noicattaro.lavocedelpaese.info\/index.php\/wp-json\/wp\/v2\/types\/post"}],"replies":[{"embeddable":true,"href":"https:\/\/noicattaro.lavocedelpaese.info\/index.php\/wp-json\/wp\/v2\/comments?post=1416"}],"version-history":[{"count":0,"href":"https:\/\/noicattaro.lavocedelpaese.info\/index.php\/wp-json\/wp\/v2\/posts\/1416\/revisions"}],"wp:attachment":[{"href":"https:\/\/noicattaro.lavocedelpaese.info\/index.php\/wp-json\/wp\/v2\/media?parent=1416"}],"wp:term":[{"taxonomy":"category","embeddable":true,"href":"https:\/\/noicattaro.lavocedelpaese.info\/index.php\/wp-json\/wp\/v2\/categories?post=1416"},{"taxonomy":"post_tag","embeddable":true,"href":"https:\/\/noicattaro.lavocedelpaese.info\/index.php\/wp-json\/wp\/v2\/tags?post=1416"}],"curies":[{"name":"wp","href":"https:\/\/api.w.org\/{rel}","templated":true}]}}