{"id":1452,"date":"2023-04-27T16:23:32","date_gmt":"2023-04-27T16:23:32","guid":{"rendered":"https:\/\/lavocedelpaese.info\/index.php\/2023\/04\/27\/san-domenico-festa-madonna-di-pompei-diventiamo-costruttori-di-pace\/"},"modified":"2023-04-27T16:23:32","modified_gmt":"2023-04-27T16:23:32","slug":"san-domenico-festa-madonna-di-pompei-diventiamo-costruttori-di-pace","status":"publish","type":"post","link":"https:\/\/noicattaro.lavocedelpaese.info\/index.php\/2023\/04\/27\/san-domenico-festa-madonna-di-pompei-diventiamo-costruttori-di-pace\/","title":{"rendered":"San Domenico. Festa Madonna di Pompei. \u201cDiventiamo costruttori di pace\u201d"},"content":{"rendered":"<p>\u00a0<\/p>\n<p>\u200b\u00a0<\/p>\n<p>\u200bGioia \u2013 La Voce del Paese\u00a0<\/p>\n<div class=\"wp-block-image\">\n<\/div>\n<p>\u201cSiamo ormai alle porte del mese di maggio, che la Chiesa dedica alla Madonna. Maggio \u00e8 il mese in cui il popolo di Dio vive con grande intensit\u00e0 la sua fede esprimendo la sua devozione alla Vergine Maria. Culto che la Confraternita del Santissimo Rosario ha reso una sua missione. Infatti, anche quest\u2019anno, in vista dell\u20198 Maggio, giorno in cui la chiesa fa memoria della Madonna di Pompei, la congrega guidata da Francesco Tuseo-Ferrer ha organizzato una serie di appuntamenti che culmineranno luned\u00ec 8 maggio con la festa solenne della B.V. del S. Rosario di Pompei.<\/p>\n<p>Il via sar\u00e0 dato sabato 29 (giorno in cui la Chiesa fa memoria di S. Caterina da Siena), con l\u2019avvio della Novena, quest\u2019anno affidata a <strong>don Andrea Wisniewski<\/strong>, cappellano ospedale Miulli. \u201cLa figura della Vergine del Rosario ha sempre avuto un grande valore nella vita dei cristiani \u2013 afferma <strong>Francesco Tuseo-Ferrer,<\/strong> presidente della Confraternita \u2013 ed \u00e8 a Lei che ci rivolgiamo per superare questo difficile momento storico. Decisamente cupo ancora, perch\u00e9 assottigliatisi i pericoli da Covid, tanto da azzerare le limitazioni di accesso nei luoghi di culto, stiamo facendo i conti con i venti di guerra. Ulteriore \u201ctempesta\u201d per la quale cerchiamo protezione sotto il manto della Madonna\u201d. Momento di preghiera, annuncia Tuseo-Ferrer, che\u00a0la sera del 3 maggio, come confraternita, nel corso della Celebrazione Eucaristica,\u00a0saranno ricordati\u00a0il confratello Prof. <strong>Antonio Notarnicola, <\/strong>molto vicino ai diseredati e il Prof. <strong>Mario Girardi,<\/strong> quest\u2019ultimo indiscusso consigliere saggio e fidato delle opere e tradizioni religiose della nostra citt\u00e0.<\/p>\n<div class=\"wp-block-image\">\n<\/div>\n<p>Quell0 che si apprestano a vivere i fedeli \u00e8 un momento di meditazione al cospetto di Maria per superare la dura prova a cui la pandemia prima, la guerra ora, ci sta sottoponendo, cercando di fare tesoro del messaggio che arriva da <strong>Papa Francesco, <\/strong>il quale non si stanca mai di ricordarci che: \u201cL\u2019intera comunit\u00e0 internazionale \u00e8 chiamata ad impegnarsi, unita, con spirito di responsabilit\u00e0 e fraternit\u00e0, ad affrontare le tante sfide gi\u00e0 in atto e quelle che eventualmente potrebbero arrivare\u201d.\u00a0In pratica, aggiungiamo noi, dobbiamo assolutamente prendere a modello il <strong>Beato Bartolo Longo<\/strong>, che da universitario fin\u00ec per rompere ogni rapporto con la Chiesa e le sue radici cristiane, per poi ritornare pi\u00f9 forte alla fede, dopo un\u2019esperienza che lo segn\u00f2 profondamente. Certamente non fu facile per lui, perch\u00e9 richiese un duro cammino di approfondimento, che gli permise di riscoprire la l\u2019educazione religiosa ricevuta in famiglia e dai Padri Scolopi. Fu a questo punto che il Beato Longo riscopr\u00ec in se quel forte senso di costruzione che lo port\u00f2 in seguito ad edificare la sua opera pi\u00f9 bella: quella della Pace.<\/p>\n<p>Con questi intendimenti, propositi e preparazione si potr\u00e0 giungere al giorno della festa, l\u20198 maggio, quando alle 10:30 <strong>Don\u00a0Tonino Posa<\/strong>, padre spirituale della confraternita celebrer\u00e0 la Santa Messa Solenne (nel corso della quale sar\u00e0 ammessa una nuova consorella), alla quale seguir\u00e0 alle 11:30 la recita del Santo Rosario meditato e la supplica alla B.V. del S. Rosario di Pompei.<\/p>\n<p>Nel pomeriggio alle ore 17:15 sar\u00e0 recitato il Santo Rosario seguito dalla Santa Messa celebrata da <strong>Mons.\u00a0Domenico Ciavarella<\/strong>. Al termine del rito religioso sar\u00e0 donato ai fedeli una coroncina del Rosario benedetta.<\/p>\n<p>Altro appuntamento per la Confraternita \u00e8 il pellegrinaggio a Pompei, organizzato il 2 giugno, per il quale stiamo gi\u00e0 raccogliendo le adesioni presso la segreteria della nostra rettoria\u201d.<\/p>\n<p class=\"has-text-align-right\"><strong>Confraternita SS. Rosario<\/strong><\/p>\n<p><a class=\"a2a_button_facebook\" href=\"https:\/\/www.addtoany.com\/add_to\/facebook?linkurl=https%3A%2F%2Fgioia.lavocedelpaese.info%2Findex.php%2F2023%2F04%2F27%2Fsan-domenico-festa-madonna-di-pompei-diventiamo-costruttori-di-pace%2F&amp;linkname=San%20Domenico.%20Festa%20Madonna%20di%20Pompei.%20%E2%80%9CDiventiamo%20costruttori%20di%20pace%E2%80%9D\" title=\"Facebook\" target=\"_blank\" rel=\"noopener\"><\/a><a class=\"a2a_button_twitter\" href=\"https:\/\/www.addtoany.com\/add_to\/twitter?linkurl=https%3A%2F%2Fgioia.lavocedelpaese.info%2Findex.php%2F2023%2F04%2F27%2Fsan-domenico-festa-madonna-di-pompei-diventiamo-costruttori-di-pace%2F&amp;linkname=San%20Domenico.%20Festa%20Madonna%20di%20Pompei.%20%E2%80%9CDiventiamo%20costruttori%20di%20pace%E2%80%9D\" title=\"Twitter\" target=\"_blank\" rel=\"noopener\"><\/a><a class=\"a2a_button_whatsapp\" href=\"https:\/\/www.addtoany.com\/add_to\/whatsapp?linkurl=https%3A%2F%2Fgioia.lavocedelpaese.info%2Findex.php%2F2023%2F04%2F27%2Fsan-domenico-festa-madonna-di-pompei-diventiamo-costruttori-di-pace%2F&amp;linkname=San%20Domenico.%20Festa%20Madonna%20di%20Pompei.%20%E2%80%9CDiventiamo%20costruttori%20di%20pace%E2%80%9D\" title=\"WhatsApp\" target=\"_blank\" rel=\"noopener\"><\/a><a class=\"a2a_button_telegram\" href=\"https:\/\/www.addtoany.com\/add_to\/telegram?linkurl=https%3A%2F%2Fgioia.lavocedelpaese.info%2Findex.php%2F2023%2F04%2F27%2Fsan-domenico-festa-madonna-di-pompei-diventiamo-costruttori-di-pace%2F&amp;linkname=San%20Domenico.%20Festa%20Madonna%20di%20Pompei.%20%E2%80%9CDiventiamo%20costruttori%20di%20pace%E2%80%9D\" title=\"Telegram\" target=\"_blank\" rel=\"noopener\"><\/a><a class=\"a2a_button_email\" href=\"https:\/\/www.addtoany.com\/add_to\/email?linkurl=https%3A%2F%2Fgioia.lavocedelpaese.info%2Findex.php%2F2023%2F04%2F27%2Fsan-domenico-festa-madonna-di-pompei-diventiamo-costruttori-di-pace%2F&amp;linkname=San%20Domenico.%20Festa%20Madonna%20di%20Pompei.%20%E2%80%9CDiventiamo%20costruttori%20di%20pace%E2%80%9D\" title=\"Email\" target=\"_blank\" rel=\"noopener\"><\/a><\/p>\n<p>\u00a0<\/p>","protected":false},"excerpt":{"rendered":"<p>\u00a0 \u200b\u00a0 \u200bGioia \u2013 La Voce del Paese\u00a0 \u201cSiamo ormai alle porte del mese di maggio, che la Chiesa dedica<\/p>\n","protected":false},"author":0,"featured_media":0,"comment_status":"open","ping_status":"closed","sticky":false,"template":"","format":"standard","meta":{"colormag_page_container_layout":"default_layout","colormag_page_sidebar_layout":"default_layout","_monsterinsights_skip_tracking":false,"_monsterinsights_sitenote_active":false,"_monsterinsights_sitenote_note":"","_monsterinsights_sitenote_category":0,"footnotes":""},"categories":[1],"tags":[],"class_list":["post-1452","post","type-post","status-publish","format-standard","hentry","category-uncategorized"],"_links":{"self":[{"href":"https:\/\/noicattaro.lavocedelpaese.info\/index.php\/wp-json\/wp\/v2\/posts\/1452","targetHints":{"allow":["GET"]}}],"collection":[{"href":"https:\/\/noicattaro.lavocedelpaese.info\/index.php\/wp-json\/wp\/v2\/posts"}],"about":[{"href":"https:\/\/noicattaro.lavocedelpaese.info\/index.php\/wp-json\/wp\/v2\/types\/post"}],"replies":[{"embeddable":true,"href":"https:\/\/noicattaro.lavocedelpaese.info\/index.php\/wp-json\/wp\/v2\/comments?post=1452"}],"version-history":[{"count":0,"href":"https:\/\/noicattaro.lavocedelpaese.info\/index.php\/wp-json\/wp\/v2\/posts\/1452\/revisions"}],"wp:attachment":[{"href":"https:\/\/noicattaro.lavocedelpaese.info\/index.php\/wp-json\/wp\/v2\/media?parent=1452"}],"wp:term":[{"taxonomy":"category","embeddable":true,"href":"https:\/\/noicattaro.lavocedelpaese.info\/index.php\/wp-json\/wp\/v2\/categories?post=1452"},{"taxonomy":"post_tag","embeddable":true,"href":"https:\/\/noicattaro.lavocedelpaese.info\/index.php\/wp-json\/wp\/v2\/tags?post=1452"}],"curies":[{"name":"wp","href":"https:\/\/api.w.org\/{rel}","templated":true}]}}