{"id":1562,"date":"2023-05-19T05:13:54","date_gmt":"2023-05-19T05:13:54","guid":{"rendered":"https:\/\/lavocedelpaese.info\/index.php\/2023\/05\/19\/fai-la-visita-a-torre-marcualdo-e-le-ultime-visite-nella-chiesa-del-carmine\/"},"modified":"2023-05-19T05:13:54","modified_gmt":"2023-05-19T05:13:54","slug":"fai-la-visita-a-torre-marcualdo-e-le-ultime-visite-nella-chiesa-del-carmine","status":"publish","type":"post","link":"https:\/\/noicattaro.lavocedelpaese.info\/index.php\/2023\/05\/19\/fai-la-visita-a-torre-marcualdo-e-le-ultime-visite-nella-chiesa-del-carmine\/","title":{"rendered":"FAI, la visita a torre Marcualdo e le ultime visite nella chiesa del Carmine"},"content":{"rendered":"<p>\u00a0<\/p>\n<p>\u200b\u00a0<\/p>\n<p>\u200bTuri \u2013 La Voce del Paese\u00a0<\/p>\n<p>Settimana alla scoperta del passato di Putignano per la Delegazione FAI dei Trulli e delle Grotte. Domenica <strong>21 maggio<\/strong> appuntamento per gli iscritti alla Casa-Torre pi\u00f9 antica fuori dalle mura della citt\u00e0 mentre gi\u00e0 in questi giorni i giovani narratori del Gruppo FAI Giovani stanno facendo scoprire la chiesa del Carmine. Due luoghi poco distanti tra loro che hanno rappresentato un punto di riferimento in diversi momenti storici. <\/p>\n<p>La <strong>casa-torre Marcualdo<\/strong>, residenza del cancelliere dei Boemondo d\u2019Altavilla, eretta tra l\u2019XI ed il XII sec., sar\u00e0 visitabile dalle 9.15 alle 12.30 di domenica prossima esclusivamente dagli iscritti FAI, con possibilit\u00e0 di tesserarsi in loco. Le prenotazioni sono aperte sulla pagina web dedicata del portale del Fondo Ambiente Italiano. Guide d\u2019eccezione saranno gli architetti Giuseppe Romanazzi, Hilde Grazia Teresita Romanazzi e Luigi Dragone, responsabili del recente restauro che ha riportato la casa vicina alle fattezze originali. Grazie alla disponibilit\u00e0 dei signori Pietro e Maria Felicia Chiarolla, padroni di casa, gli amici del FAI potranno ammirare a piccoli gruppi i dettagli del palazzo e scoprire le varie destinazioni d\u2019uso che nel corso dei secoli ne hanno modificato gli aspetti. Subito dopo per i visitatori un aperitivo in compagnia dei Volontari della Delegazione.<\/p>\n<p><strong>Luned\u00ec 22 maggio<\/strong>, infine, <strong>ultimo appuntamento<\/strong> per le <strong>visite nella chiesa del Carmine<\/strong> a cura del Gruppo FAI Giovani dei Trulli e delle Grotte. I giovani ciceroni illustreranno la storia della chiesa ed i particolari dell\u2019altare, svelato luned\u00ec 15 maggio, in due turni di visite accompagnate dalle 17.00 alle 18.00. Un momento in cui sar\u00e0 possibile anche per i putignanesi conoscere qualche particolare in pi\u00f9 sulla storia della chiesa e della presenza dei carmelitani a Putignano, conoscendo nel dettaglio quali sono state le operazioni svolte nel corso dei lavori di restauroall\u2019altare maggiore. La visita \u00e8 totalmente gratuita e, per i giovani tra i 18 ed i 35 anni, sar\u00e0 possibile iscriversi al FAI per soli 15\u20ac.\u00a0<\/p>\n<p><strong>Info<\/strong><\/p>\n<p><a href=\"mailto:trulliegrotte@delegazionefai.fondoambiente.it\">trulliegrotte@delegazionefai.fondoambiente.it<\/a><\/p>\n<p><strong><a href=\"https:\/\/fb.me\/e\/6onm0Gu55\" target=\"_blank\" rel=\"noopener\">Evento Gruppo Giovani Fb<\/a><\/strong><\/p>\n<p><a href=\"https:\/\/turi.lavocedelpaese.info\/\"><\/a><\/p>\n<p><a class=\"a2a_button_facebook\" href=\"https:\/\/www.addtoany.com\/add_to\/facebook?linkurl=https%3A%2F%2Fturi.lavocedelpaese.info%2Ffai-la-visita-a-torre-marcualdo-e-le-ultime-visite-nella-chiesa-del-carmine%2F&amp;linkname=FAI%2C%20la%20visita%20a%20torre%20Marcualdo%20e%20le%20ultime%20visite%20nella%20chiesa%20del%20Carmine\" title=\"Facebook\" target=\"_blank\" rel=\"noopener\"><\/a><a class=\"a2a_button_twitter\" href=\"https:\/\/www.addtoany.com\/add_to\/twitter?linkurl=https%3A%2F%2Fturi.lavocedelpaese.info%2Ffai-la-visita-a-torre-marcualdo-e-le-ultime-visite-nella-chiesa-del-carmine%2F&amp;linkname=FAI%2C%20la%20visita%20a%20torre%20Marcualdo%20e%20le%20ultime%20visite%20nella%20chiesa%20del%20Carmine\" title=\"Twitter\" target=\"_blank\" rel=\"noopener\"><\/a><a class=\"a2a_button_whatsapp\" href=\"https:\/\/www.addtoany.com\/add_to\/whatsapp?linkurl=https%3A%2F%2Fturi.lavocedelpaese.info%2Ffai-la-visita-a-torre-marcualdo-e-le-ultime-visite-nella-chiesa-del-carmine%2F&amp;linkname=FAI%2C%20la%20visita%20a%20torre%20Marcualdo%20e%20le%20ultime%20visite%20nella%20chiesa%20del%20Carmine\" title=\"WhatsApp\" target=\"_blank\" rel=\"noopener\"><\/a><a class=\"a2a_button_telegram\" href=\"https:\/\/www.addtoany.com\/add_to\/telegram?linkurl=https%3A%2F%2Fturi.lavocedelpaese.info%2Ffai-la-visita-a-torre-marcualdo-e-le-ultime-visite-nella-chiesa-del-carmine%2F&amp;linkname=FAI%2C%20la%20visita%20a%20torre%20Marcualdo%20e%20le%20ultime%20visite%20nella%20chiesa%20del%20Carmine\" title=\"Telegram\" target=\"_blank\" rel=\"noopener\"><\/a><a class=\"a2a_button_email\" href=\"https:\/\/www.addtoany.com\/add_to\/email?linkurl=https%3A%2F%2Fturi.lavocedelpaese.info%2Ffai-la-visita-a-torre-marcualdo-e-le-ultime-visite-nella-chiesa-del-carmine%2F&amp;linkname=FAI%2C%20la%20visita%20a%20torre%20Marcualdo%20e%20le%20ultime%20visite%20nella%20chiesa%20del%20Carmine\" title=\"Email\" target=\"_blank\" rel=\"noopener\"><\/a><\/p>\n<p>\u00a0<\/p>","protected":false},"excerpt":{"rendered":"<p>\u00a0 \u200b\u00a0 \u200bTuri \u2013 La Voce del Paese\u00a0 Settimana alla scoperta del passato di Putignano per la Delegazione FAI dei<\/p>\n","protected":false},"author":0,"featured_media":0,"comment_status":"open","ping_status":"closed","sticky":false,"template":"","format":"standard","meta":{"colormag_page_container_layout":"default_layout","colormag_page_sidebar_layout":"default_layout","_monsterinsights_skip_tracking":false,"_monsterinsights_sitenote_active":false,"_monsterinsights_sitenote_note":"","_monsterinsights_sitenote_category":0,"footnotes":""},"categories":[1],"tags":[],"class_list":["post-1562","post","type-post","status-publish","format-standard","hentry","category-uncategorized"],"_links":{"self":[{"href":"https:\/\/noicattaro.lavocedelpaese.info\/index.php\/wp-json\/wp\/v2\/posts\/1562","targetHints":{"allow":["GET"]}}],"collection":[{"href":"https:\/\/noicattaro.lavocedelpaese.info\/index.php\/wp-json\/wp\/v2\/posts"}],"about":[{"href":"https:\/\/noicattaro.lavocedelpaese.info\/index.php\/wp-json\/wp\/v2\/types\/post"}],"replies":[{"embeddable":true,"href":"https:\/\/noicattaro.lavocedelpaese.info\/index.php\/wp-json\/wp\/v2\/comments?post=1562"}],"version-history":[{"count":0,"href":"https:\/\/noicattaro.lavocedelpaese.info\/index.php\/wp-json\/wp\/v2\/posts\/1562\/revisions"}],"wp:attachment":[{"href":"https:\/\/noicattaro.lavocedelpaese.info\/index.php\/wp-json\/wp\/v2\/media?parent=1562"}],"wp:term":[{"taxonomy":"category","embeddable":true,"href":"https:\/\/noicattaro.lavocedelpaese.info\/index.php\/wp-json\/wp\/v2\/categories?post=1562"},{"taxonomy":"post_tag","embeddable":true,"href":"https:\/\/noicattaro.lavocedelpaese.info\/index.php\/wp-json\/wp\/v2\/tags?post=1562"}],"curies":[{"name":"wp","href":"https:\/\/api.w.org\/{rel}","templated":true}]}}