{"id":1605,"date":"2023-05-30T08:22:11","date_gmt":"2023-05-30T08:22:11","guid":{"rendered":"https:\/\/lavocedelpaese.info\/index.php\/2023\/05\/30\/ciliegie-turi-vittima-di-un-massacro-mediatico-immeritato\/"},"modified":"2023-05-30T08:22:11","modified_gmt":"2023-05-30T08:22:11","slug":"ciliegie-turi-vittima-di-un-massacro-mediatico-immeritato","status":"publish","type":"post","link":"https:\/\/noicattaro.lavocedelpaese.info\/index.php\/2023\/05\/30\/ciliegie-turi-vittima-di-un-massacro-mediatico-immeritato\/","title":{"rendered":"Ciliegie, Turi vittima di un \u201cmassacro mediatico\u201d immeritato"},"content":{"rendered":"<p>\u00a0<\/p>\n<p>\u200b\u00a0<\/p>\n<p>\u200bTuri \u2013 La Voce del Paese\u00a0<\/p>\n<p><strong>Il sodalizio dei produttori \u2018Ferrovia nel Cuore\u2019 contesta l\u2019immagine di un comparto che \u2018schiavizza\u2019 la manodopera stagionale: \u201cLa maggior parte dei cerasicoltori si comporta correttamente\u201d<\/strong><\/p>\n<div class=\"wp-block-spacer\"><\/div>\n<p>Dopo la pioggia e il vento, che hanno mandato in fumo la raccolta delle primizie (Bigarreaux e Georgia), i cerasicoltori turesi sono alle prese con un ulteriore \u201ccalamit\u00e0\u201d: l\u2019eco mediatico che, nell\u2019ultima settimana, li ha ritratti come \u201ccaporali\u201d pronti a \u201cschiavizzare\u201d i lavoratori stagionali, assumendoli senza contratto e pagandoli pochi spiccioli.<br \/>Una narrazione, quantomeno parziale, davanti alla quale gli imprenditori agricoli riuniti nell\u2019associazione \u201cFerrovia nel Cuore\u201d hanno deciso di rispondere.<\/p>\n<p>\u00abDai vari servizi giornalistici e dallo stesso videomessaggio del sindaco \u2013 dichiara Angelo Palmisano, presidente del sodalizio di produttori costituitosi nel 2022 \u2013 emerge che, a Turi, la raccolta delle ciliegie venga fatta impiegando soprattutto manodopera extracomunitaria irregolare. Una lettura che contestiamo fermamente: nessuno mette in dubbio che il fenomeno esista, ma bisogna precisare che riguarda una minoranza dei produttori\u00bb.<\/p>\n<p>\u00abGeneralizzare \u2013 ammonisce \u2013 \u00e8 ingiusto e pericoloso. Ingiusto perch\u00e9 si getta fango sui tanti imprenditori che si comportano correttamente e che andrebbero difesi; pericoloso poich\u00e9 questo \u201cmassacro mediatico\u201d rischia di marchiare i cerasicoltori turesi di caporalato e sfruttamento, creando un danno incalcolabile al comparto produttivo che \u00e8 alla base dell\u2019economia della nostra comunit\u00e0\u00bb.<\/p>\n<div class=\"wp-block-spacer\"><\/div>\n<h5 class=\"wp-block-heading\"><strong>Controlli serrati, forse troppo\u2026<\/strong><\/h5>\n<p>\u00abA causa di una minoranza che agisce al di fuori della legge \u2013 prosegue Palmisano \u2013 Turi paga un prezzo altissimo: a differenza dei Comuni limitrofi, subiamo controlli a tappeto da parte dei Carabinieri del NIL (Nucleo Ispettorato del Lavoro). E quest\u2019anno le verifiche sono ancora pi\u00f9 serrate\u00bb.<\/p>\n<p>\u00abOrmai \u2013 stigmatizza \u2013 in campagna si lavora con il terrore di aver dimenticato di compilare uno dei tanti documenti da produrre o che l\u2019operaio, magari intimorito, fraintenda le domande degli ispettori e metta in difficolt\u00e0 l\u2019azienda\u00bb. <\/p>\n<p>\u00abIntendiamoci \u2013 mette in chiaro \u2013 se ci sono produttori che ricorrono a forza lavoro irregolare, \u00e8 sacrosanto che vengano perseguiti; meno comprensibile, date le avversit\u00e0 che quest\u2019anno abbiamo dovuto affrontare, \u00e8 che si venga sanzionati per violazioni legate ad adempimenti burocratici, frutto di una normativa inadeguata\u00bb.<\/p>\n<div class=\"wp-block-spacer\"><\/div>\n<h5 class=\"wp-block-heading\"><strong>\u201cUna normativa insostenibile\u201d<\/strong><\/h5>\n<p>\u00abIl problema \u2013 spiega il vicepresidente Giuseppe Romita \u2013 \u00e8 a monte: la normativa sulla sicurezza applicata al comparto agricolo \u00e8 un copia e incolla di quella pensata per il settore edilizio, ignorando che l\u2019agricoltura ha dinamiche e modalit\u00e0 di gestione molto differenti\u00bb.<\/p>\n<p>\u00abIn particolare \u2013 chiarisce \u2013 il reclutamento della manodopera per la raccolta delle ciliegie non \u00e8 programmabile, giacch\u00e9 tutto dipende dall\u2019annata che si presenta, ed \u00e8 un\u2019operazione che ha tempi strettissimi, essendo la ciliegia un frutto molto deperibile. Se un\u2019azienda ha bisogno di assumere cinque o dieci operai in pi\u00f9, non pu\u00f2 permettersi di aspettare i tempi necessari per eseguire la visita medica e frequentare il corso di formazione sulla sicurezza sul lavoro\u00bb.<\/p>\n<p>Le proposte per superare questo collo di bottiglia non mancano: \u00abDa tempo \u2013 annota Romita \u2013 abbiamo suggerito di sostituire la visita medica con il libretto sanitario, vidimato annualmente dal medico di base dell\u2019operaio. Quanto alla formazione sulla sicurezza, nel periodo invernale si potrebbe organizzare un corso per gli imprenditori, in modo che, a maggio, abbiano la possibilit\u00e0 di formare in autonomia i propri dipendenti\u00bb.<\/p>\n<p>\u00abIn un recente incontro \u2013 conclude Palmisano \u2013 sindacati e associazioni di categoria si sono impegnati a sollecitare il governo nazionale per promuovere una revisione radicale della normativa. Siamo fiduciosi che, dopo anni di inerzia, sia finalmente arrivato il momento di tutelare il lavoro degli agricoltori e il futuro stesso dell\u2019intero settore\u00bb.<\/p>\n<p><a class=\"a2a_button_facebook\" href=\"https:\/\/www.addtoany.com\/add_to\/facebook?linkurl=https%3A%2F%2Fturi.lavocedelpaese.info%2Fciliegie-turi-vittima-di-un-massacro-mediatico-immeritato%2F&amp;linkname=Ciliegie%2C%20Turi%20vittima%20di%20un%20%E2%80%9Cmassacro%20mediatico%E2%80%9D%20immeritato\" title=\"Facebook\" target=\"_blank\" rel=\"noopener\"><\/a><a class=\"a2a_button_twitter\" href=\"https:\/\/www.addtoany.com\/add_to\/twitter?linkurl=https%3A%2F%2Fturi.lavocedelpaese.info%2Fciliegie-turi-vittima-di-un-massacro-mediatico-immeritato%2F&amp;linkname=Ciliegie%2C%20Turi%20vittima%20di%20un%20%E2%80%9Cmassacro%20mediatico%E2%80%9D%20immeritato\" title=\"Twitter\" target=\"_blank\" rel=\"noopener\"><\/a><a class=\"a2a_button_whatsapp\" href=\"https:\/\/www.addtoany.com\/add_to\/whatsapp?linkurl=https%3A%2F%2Fturi.lavocedelpaese.info%2Fciliegie-turi-vittima-di-un-massacro-mediatico-immeritato%2F&amp;linkname=Ciliegie%2C%20Turi%20vittima%20di%20un%20%E2%80%9Cmassacro%20mediatico%E2%80%9D%20immeritato\" title=\"WhatsApp\" target=\"_blank\" rel=\"noopener\"><\/a><a class=\"a2a_button_telegram\" href=\"https:\/\/www.addtoany.com\/add_to\/telegram?linkurl=https%3A%2F%2Fturi.lavocedelpaese.info%2Fciliegie-turi-vittima-di-un-massacro-mediatico-immeritato%2F&amp;linkname=Ciliegie%2C%20Turi%20vittima%20di%20un%20%E2%80%9Cmassacro%20mediatico%E2%80%9D%20immeritato\" title=\"Telegram\" target=\"_blank\" rel=\"noopener\"><\/a><a class=\"a2a_button_email\" href=\"https:\/\/www.addtoany.com\/add_to\/email?linkurl=https%3A%2F%2Fturi.lavocedelpaese.info%2Fciliegie-turi-vittima-di-un-massacro-mediatico-immeritato%2F&amp;linkname=Ciliegie%2C%20Turi%20vittima%20di%20un%20%E2%80%9Cmassacro%20mediatico%E2%80%9D%20immeritato\" title=\"Email\" target=\"_blank\" rel=\"noopener\"><\/a><\/p>\n<p>\u00a0<\/p>","protected":false},"excerpt":{"rendered":"<p>\u00a0 \u200b\u00a0 \u200bTuri \u2013 La Voce del Paese\u00a0 Il sodalizio dei produttori \u2018Ferrovia nel Cuore\u2019 contesta l\u2019immagine di un comparto<\/p>\n","protected":false},"author":0,"featured_media":0,"comment_status":"open","ping_status":"closed","sticky":false,"template":"","format":"standard","meta":{"colormag_page_container_layout":"default_layout","colormag_page_sidebar_layout":"default_layout","_monsterinsights_skip_tracking":false,"_monsterinsights_sitenote_active":false,"_monsterinsights_sitenote_note":"","_monsterinsights_sitenote_category":0,"footnotes":""},"categories":[1],"tags":[],"class_list":["post-1605","post","type-post","status-publish","format-standard","hentry","category-uncategorized"],"_links":{"self":[{"href":"https:\/\/noicattaro.lavocedelpaese.info\/index.php\/wp-json\/wp\/v2\/posts\/1605","targetHints":{"allow":["GET"]}}],"collection":[{"href":"https:\/\/noicattaro.lavocedelpaese.info\/index.php\/wp-json\/wp\/v2\/posts"}],"about":[{"href":"https:\/\/noicattaro.lavocedelpaese.info\/index.php\/wp-json\/wp\/v2\/types\/post"}],"replies":[{"embeddable":true,"href":"https:\/\/noicattaro.lavocedelpaese.info\/index.php\/wp-json\/wp\/v2\/comments?post=1605"}],"version-history":[{"count":0,"href":"https:\/\/noicattaro.lavocedelpaese.info\/index.php\/wp-json\/wp\/v2\/posts\/1605\/revisions"}],"wp:attachment":[{"href":"https:\/\/noicattaro.lavocedelpaese.info\/index.php\/wp-json\/wp\/v2\/media?parent=1605"}],"wp:term":[{"taxonomy":"category","embeddable":true,"href":"https:\/\/noicattaro.lavocedelpaese.info\/index.php\/wp-json\/wp\/v2\/categories?post=1605"},{"taxonomy":"post_tag","embeddable":true,"href":"https:\/\/noicattaro.lavocedelpaese.info\/index.php\/wp-json\/wp\/v2\/tags?post=1605"}],"curies":[{"name":"wp","href":"https:\/\/api.w.org\/{rel}","templated":true}]}}