{"id":1607,"date":"2023-05-31T06:13:59","date_gmt":"2023-05-31T06:13:59","guid":{"rendered":"https:\/\/lavocedelpaese.info\/index.php\/2023\/05\/31\/festa-della-repubblica-le-iniziative-a-cassano\/"},"modified":"2023-05-31T06:13:59","modified_gmt":"2023-05-31T06:13:59","slug":"festa-della-repubblica-le-iniziative-a-cassano","status":"publish","type":"post","link":"https:\/\/noicattaro.lavocedelpaese.info\/index.php\/2023\/05\/31\/festa-della-repubblica-le-iniziative-a-cassano\/","title":{"rendered":"Festa della Repubblica: le iniziative a Cassano"},"content":{"rendered":"<p>\u00a0<\/p>\n<p>\u200b\u00a0<\/p>\n<p>\u200bCassano \u2013 La Voce del Paese\u00a0<\/p>\n<p>In occasione della\u00a0<strong>Festa Nazionale della Repubblica Italiana,<\/strong>\u00a0il Sindaco Davide Del Re dar\u00e0 il\u00a0<strong>benvenuto civico<\/strong>\u00a0a tutti i cittadini di Cassano delle Murge che nel corso del 2023 hanno compiuto o compiranno la maggiore et\u00e0, e far\u00e0 loro\u00a0dono di una copia della Costituzione Italiana.\u00a0<\/p>\n<p>La cerimonia avr\u00e0 luogo gioved\u00ec 1 giugno presso la Sala Consiliare del Comune di Cassano delle Murge alle ore 17.30.<\/p>\n<p>Nella lettera di invito ai giovani concittadini il Sindaco ha scritto:\u00a0<em>\u00ab<\/em><em>La Costituzione \u00e8 uno strumento fondamentale per costruire una societ\u00e0 pi\u00f9 giusta, pi\u00f9 solidale e pi\u00f9 rispettosa dei diritti di tutti i cittadini. La sua lettura e comprensione ti permetter\u00e0 di partecipare in maniera consapevole alla vita politica e civile del nostro Paese, contribuendo a costruire un futuro migliore per tutti.<\/em><\/p>\n<p><em>Nella Costituzione Italiana c\u2019\u00e8 la nostra storia, contiene princ\u00ecpi fondamentali della nostra democrazia senza i quali la nostra esistenza sarebbe senza regole e senza certezze. La Costituzione ci tutela ed unisce tutti gli italiani ed in questo momento storico, in cui il nostro Paese e il mondo intero stanno affrontando grandi sfide, la Costituzione diventa ancora pi\u00f9 importante, come strumento di difesa dei diritti fondamentali e di coesione sociale.<\/em><\/p>\n<p><em>Ti auguro di cuore di trovare nella lettura della Costituzione l\u2019ispirazione per costruire una societ\u00e0 pi\u00f9 giusta e pi\u00f9 umana, e di diventare cittadino attivo, partecipe e responsabile nella vita della nostra comunit\u00e0\u00bb.<\/em><\/p>\n<p>Il 2 giugno 2023 alle 10.00\u00a0ci sar\u00e0\u00a0<strong>Cerimonia per la Festa della Repubblica presso il Monumento ai Caduti\u00a0<\/strong>alla presenza dell\u2019Amministrazione Comunale, delle Autorit\u00e0 Militari e delle locali Associazioni Combattentistiche.<\/p>\n<p><strong>Programma:<\/strong><\/p>\n<p>\u2013 Alzabandiera e deposizione corona<\/p>\n<p>\u2013 Esecuzione Inno Nazionale<\/p>\n<p>\u2013 Saluti del Sindaco e delle autorit\u00e0<\/p>\n<p>\u2013 Lettura del messaggio del Presidente della Repubblica<\/p>\n<p>A seguire il Sindaco Del Re sar\u00e0 presente presso l\u2019Agriturismo Amicizia dove avr\u00e0 luogo la\u00a0<strong>Festa Diocesana di Azione Cattolica<\/strong>\u00a0in occasione della Festa della Repubblica.\u00a0<\/p>\n<p><a class=\"a2a_button_facebook\" href=\"https:\/\/www.addtoany.com\/add_to\/facebook?linkurl=https%3A%2F%2Fcassano.lavocedelpaese.info%2Findex.php%2F2023%2F05%2F31%2Ffesta-della-repubblica-le-iniziative-a-cassano%2F&amp;linkname=Festa%20della%20Repubblica%3A%20le%20iniziative%20a%20Cassano\" title=\"Facebook\" target=\"_blank\" rel=\"noopener\"><\/a><a class=\"a2a_button_twitter\" href=\"https:\/\/www.addtoany.com\/add_to\/twitter?linkurl=https%3A%2F%2Fcassano.lavocedelpaese.info%2Findex.php%2F2023%2F05%2F31%2Ffesta-della-repubblica-le-iniziative-a-cassano%2F&amp;linkname=Festa%20della%20Repubblica%3A%20le%20iniziative%20a%20Cassano\" title=\"Twitter\" target=\"_blank\" rel=\"noopener\"><\/a><a class=\"a2a_button_whatsapp\" href=\"https:\/\/www.addtoany.com\/add_to\/whatsapp?linkurl=https%3A%2F%2Fcassano.lavocedelpaese.info%2Findex.php%2F2023%2F05%2F31%2Ffesta-della-repubblica-le-iniziative-a-cassano%2F&amp;linkname=Festa%20della%20Repubblica%3A%20le%20iniziative%20a%20Cassano\" title=\"WhatsApp\" target=\"_blank\" rel=\"noopener\"><\/a><a class=\"a2a_button_telegram\" href=\"https:\/\/www.addtoany.com\/add_to\/telegram?linkurl=https%3A%2F%2Fcassano.lavocedelpaese.info%2Findex.php%2F2023%2F05%2F31%2Ffesta-della-repubblica-le-iniziative-a-cassano%2F&amp;linkname=Festa%20della%20Repubblica%3A%20le%20iniziative%20a%20Cassano\" title=\"Telegram\" target=\"_blank\" rel=\"noopener\"><\/a><a class=\"a2a_button_email\" href=\"https:\/\/www.addtoany.com\/add_to\/email?linkurl=https%3A%2F%2Fcassano.lavocedelpaese.info%2Findex.php%2F2023%2F05%2F31%2Ffesta-della-repubblica-le-iniziative-a-cassano%2F&amp;linkname=Festa%20della%20Repubblica%3A%20le%20iniziative%20a%20Cassano\" title=\"Email\" target=\"_blank\" rel=\"noopener\"><\/a><\/p>\n<p>\u00a0<\/p>","protected":false},"excerpt":{"rendered":"<p>\u00a0 \u200b\u00a0 \u200bCassano \u2013 La Voce del Paese\u00a0 In occasione della\u00a0Festa Nazionale della Repubblica Italiana,\u00a0il Sindaco Davide Del Re dar\u00e0<\/p>\n","protected":false},"author":0,"featured_media":0,"comment_status":"open","ping_status":"closed","sticky":false,"template":"","format":"standard","meta":{"colormag_page_container_layout":"default_layout","colormag_page_sidebar_layout":"default_layout","_monsterinsights_skip_tracking":false,"_monsterinsights_sitenote_active":false,"_monsterinsights_sitenote_note":"","_monsterinsights_sitenote_category":0,"footnotes":""},"categories":[1],"tags":[],"class_list":["post-1607","post","type-post","status-publish","format-standard","hentry","category-uncategorized"],"_links":{"self":[{"href":"https:\/\/noicattaro.lavocedelpaese.info\/index.php\/wp-json\/wp\/v2\/posts\/1607","targetHints":{"allow":["GET"]}}],"collection":[{"href":"https:\/\/noicattaro.lavocedelpaese.info\/index.php\/wp-json\/wp\/v2\/posts"}],"about":[{"href":"https:\/\/noicattaro.lavocedelpaese.info\/index.php\/wp-json\/wp\/v2\/types\/post"}],"replies":[{"embeddable":true,"href":"https:\/\/noicattaro.lavocedelpaese.info\/index.php\/wp-json\/wp\/v2\/comments?post=1607"}],"version-history":[{"count":0,"href":"https:\/\/noicattaro.lavocedelpaese.info\/index.php\/wp-json\/wp\/v2\/posts\/1607\/revisions"}],"wp:attachment":[{"href":"https:\/\/noicattaro.lavocedelpaese.info\/index.php\/wp-json\/wp\/v2\/media?parent=1607"}],"wp:term":[{"taxonomy":"category","embeddable":true,"href":"https:\/\/noicattaro.lavocedelpaese.info\/index.php\/wp-json\/wp\/v2\/categories?post=1607"},{"taxonomy":"post_tag","embeddable":true,"href":"https:\/\/noicattaro.lavocedelpaese.info\/index.php\/wp-json\/wp\/v2\/tags?post=1607"}],"curies":[{"name":"wp","href":"https:\/\/api.w.org\/{rel}","templated":true}]}}