{"id":1614,"date":"2023-05-31T17:20:16","date_gmt":"2023-05-31T17:20:16","guid":{"rendered":"https:\/\/lavocedelpaese.info\/index.php\/2023\/05\/31\/la-promessa-del-pianoforte-greta-maria-lobefaro-apre-il-ciclo-giovani-interpreti\/"},"modified":"2023-05-31T17:20:16","modified_gmt":"2023-05-31T17:20:16","slug":"la-promessa-del-pianoforte-greta-maria-lobefaro-apre-il-ciclo-giovani-interpreti","status":"publish","type":"post","link":"https:\/\/noicattaro.lavocedelpaese.info\/index.php\/2023\/05\/31\/la-promessa-del-pianoforte-greta-maria-lobefaro-apre-il-ciclo-giovani-interpreti\/","title":{"rendered":"La promessa del pianoforte Greta Maria Lobefaro apre il ciclo \u201cGiovani interpreti\u201d"},"content":{"rendered":"<p>\u00a0<\/p>\n<p>\u200b\u00a0<\/p>\n<p>\u200bAcquaviva \u2013 La Voce del Paese\u00a0<\/p>\n\n<p>Associazione Giovanni Colafemmina<\/p>\n<p>XVI stagione concertistica<\/p>\n<p><strong>Gioved\u00ec 1\u00b0 giugno, ore 20.30<\/strong><\/p>\n<p>Sala Colafemmina \u2013 Palazzo de Mari<\/p>\n<p>Acquaviva delle Fonti<\/p>\n<p>Per il ciclo<\/p>\n<p>\u00abGiovani interpreti\u00bb<\/p>\n<p><strong>GRETA MARIA LOBEFARO<\/strong><\/p>\n<p><strong>pianoforte<\/strong><\/p>\n<p>Straordinario talento e grande promessa del pianoforte, Greta Maria Lobefaro, 22 anni, di Gioia del Colle, gioved\u00ec 1\u00b0 giugno (ore 20.30) apre a Palazzo de Mari di Acquaviva delle Fonti il ciclo \u00abGiovani interpreti\u00bb della Stagione concertistica promossa dall\u2019Associazione Colafemmina, istituzione che l\u2019anno scorso l\u2019ha premiata quale migliore italiana alla sesta edizione dell\u2019International Piano Competition \u00abCitt\u00e0 Acquaviva delle Fonti \u2013 Premio Giovanni Colafemmina\u00bb. Intrigante il programma, a cominciare dalla Partita n. 1 in si bemolle maggiore BWV 825 di Johann Sebastian Bach, compositore al quale si ricollega, con il successivo Preludio e fuga op. 35 n. 1, il romantico Felix Mendelssohn, cui si deve la riscoperta nell\u2019Ottocento del genio di Eisenach. Chiuder\u00e0 il recital la raccolta di Robert Schumann Davidsb\u00fcndlert\u00e4nze op.6 comprendente diciotto pezzi nei quali si manifesta la dualit\u00e0 del grande pianista e compositore tedesco incarnate dalle figure di Eusebio e Florestano.<\/p>\n<p>Un programma nelle corde della pianista pugliese, diplomatasi sotto la guida di Giovanna Valente al Conservatorio Piccinni di Bari a soli quindici anni, con il massimo dei voti, lode e menzione d\u2019onore. Tra l\u2019altro, Greta Maria Lobefaro attualmente \u00e8 allieva all\u2019Accademia Nazionale di Santa Cecilia, a Roma, del pianista monopolitano Benedetto Lupo, concertista di fama internazionale, e sta seguendo i corsi di Enrico Pace e Ingrid Fliter agli autorevoli \u00abIncontri col Maestro\u00bb di Imola.<\/p>\n<p>Si \u00e8 anche perfezionata in prassi contemporanea con Emanuele Arciuli, altro grande esponente pugliese del pianoforte nel mondo, ed ha conseguito trentacinque riconoscimenti tra primi premi e primi premi assoluti in concorsi musicali nazionali e internazionali. Tra le affermazioni vanno almeno ricordati la vittoria alla prestigiosa XXI International Fryderyk Chopin Piano Competition di Szafarnia, in Polonia, il primo posto in Italia del Concorso Pianistico Steinway alla finale di Verona tenutasi nel febbraio 2016, i terzi posti al Concorso pianistico internazionale \u00abCitt\u00e0 di Spoleto\u00bb del 2018 (sezione esecuzione pianistica fino a 33 anni) e al Premio Venezia, sempre nel 2018, oltre alla finale alla Schimmel Competition di Braunschweig, in Germania, lo scorso anno.<\/p>\n<p>Greta Maria Lobefaro ha inciso un disco per la Odradek Records e tenuto concerti come solista, con l\u2019orchestra e in duo, in Italia, Ucraina, Germania, Svizzera, Austria, Spagna, Russia, Romania, Sud Africa e Francia. \u00c8 stata anche tra i dodici giovani selezionati al Junior Music Camp di Barcellona con Lang Lang, nel 2014. Ha debuttato con l\u2019orchestra a dieci anni e tenuto concerti con l\u2019Orchestra Filarmonica Gavrilii di Vologda, in Russia, nel 2016, ed ha suonato come artista Yamaha al Conservatorio Verdi di Milano.<\/p>\n<p>Info 335.1406658.<\/p>\n\n<p><a class=\"a2a_button_facebook\" href=\"https:\/\/www.addtoany.com\/add_to\/facebook?linkurl=https%3A%2F%2Facquaviva.lavocedelpaese.info%2Findex.php%2F2023%2F05%2F31%2Fla-promessa-del-pianoforte-greta-maria-lobefaro-apre-il-ciclo-giovani-interpreti%2F&amp;linkname=La%20promessa%20del%20pianoforte%20Greta%20Maria%20Lobefaro%20apre%20il%20ciclo%20%E2%80%9CGiovani%20interpreti%E2%80%9D\" title=\"Facebook\" target=\"_blank\" rel=\"noopener\"><\/a><a class=\"a2a_button_twitter\" href=\"https:\/\/www.addtoany.com\/add_to\/twitter?linkurl=https%3A%2F%2Facquaviva.lavocedelpaese.info%2Findex.php%2F2023%2F05%2F31%2Fla-promessa-del-pianoforte-greta-maria-lobefaro-apre-il-ciclo-giovani-interpreti%2F&amp;linkname=La%20promessa%20del%20pianoforte%20Greta%20Maria%20Lobefaro%20apre%20il%20ciclo%20%E2%80%9CGiovani%20interpreti%E2%80%9D\" title=\"Twitter\" target=\"_blank\" rel=\"noopener\"><\/a><a class=\"a2a_button_whatsapp\" href=\"https:\/\/www.addtoany.com\/add_to\/whatsapp?linkurl=https%3A%2F%2Facquaviva.lavocedelpaese.info%2Findex.php%2F2023%2F05%2F31%2Fla-promessa-del-pianoforte-greta-maria-lobefaro-apre-il-ciclo-giovani-interpreti%2F&amp;linkname=La%20promessa%20del%20pianoforte%20Greta%20Maria%20Lobefaro%20apre%20il%20ciclo%20%E2%80%9CGiovani%20interpreti%E2%80%9D\" title=\"WhatsApp\" target=\"_blank\" rel=\"noopener\"><\/a><a class=\"a2a_button_telegram\" href=\"https:\/\/www.addtoany.com\/add_to\/telegram?linkurl=https%3A%2F%2Facquaviva.lavocedelpaese.info%2Findex.php%2F2023%2F05%2F31%2Fla-promessa-del-pianoforte-greta-maria-lobefaro-apre-il-ciclo-giovani-interpreti%2F&amp;linkname=La%20promessa%20del%20pianoforte%20Greta%20Maria%20Lobefaro%20apre%20il%20ciclo%20%E2%80%9CGiovani%20interpreti%E2%80%9D\" title=\"Telegram\" target=\"_blank\" rel=\"noopener\"><\/a><a class=\"a2a_button_email\" href=\"https:\/\/www.addtoany.com\/add_to\/email?linkurl=https%3A%2F%2Facquaviva.lavocedelpaese.info%2Findex.php%2F2023%2F05%2F31%2Fla-promessa-del-pianoforte-greta-maria-lobefaro-apre-il-ciclo-giovani-interpreti%2F&amp;linkname=La%20promessa%20del%20pianoforte%20Greta%20Maria%20Lobefaro%20apre%20il%20ciclo%20%E2%80%9CGiovani%20interpreti%E2%80%9D\" title=\"Email\" target=\"_blank\" rel=\"noopener\"><\/a><\/p>\n<p>\u00a0<\/p>","protected":false},"excerpt":{"rendered":"<p>\u00a0 \u200b\u00a0 \u200bAcquaviva \u2013 La Voce del Paese\u00a0 Associazione Giovanni Colafemmina XVI stagione concertistica Gioved\u00ec 1\u00b0 giugno, ore 20.30 Sala<\/p>\n","protected":false},"author":0,"featured_media":0,"comment_status":"open","ping_status":"closed","sticky":false,"template":"","format":"standard","meta":{"colormag_page_container_layout":"default_layout","colormag_page_sidebar_layout":"default_layout","_monsterinsights_skip_tracking":false,"_monsterinsights_sitenote_active":false,"_monsterinsights_sitenote_note":"","_monsterinsights_sitenote_category":0,"footnotes":""},"categories":[1],"tags":[],"class_list":["post-1614","post","type-post","status-publish","format-standard","hentry","category-uncategorized"],"_links":{"self":[{"href":"https:\/\/noicattaro.lavocedelpaese.info\/index.php\/wp-json\/wp\/v2\/posts\/1614","targetHints":{"allow":["GET"]}}],"collection":[{"href":"https:\/\/noicattaro.lavocedelpaese.info\/index.php\/wp-json\/wp\/v2\/posts"}],"about":[{"href":"https:\/\/noicattaro.lavocedelpaese.info\/index.php\/wp-json\/wp\/v2\/types\/post"}],"replies":[{"embeddable":true,"href":"https:\/\/noicattaro.lavocedelpaese.info\/index.php\/wp-json\/wp\/v2\/comments?post=1614"}],"version-history":[{"count":0,"href":"https:\/\/noicattaro.lavocedelpaese.info\/index.php\/wp-json\/wp\/v2\/posts\/1614\/revisions"}],"wp:attachment":[{"href":"https:\/\/noicattaro.lavocedelpaese.info\/index.php\/wp-json\/wp\/v2\/media?parent=1614"}],"wp:term":[{"taxonomy":"category","embeddable":true,"href":"https:\/\/noicattaro.lavocedelpaese.info\/index.php\/wp-json\/wp\/v2\/categories?post=1614"},{"taxonomy":"post_tag","embeddable":true,"href":"https:\/\/noicattaro.lavocedelpaese.info\/index.php\/wp-json\/wp\/v2\/tags?post=1614"}],"curies":[{"name":"wp","href":"https:\/\/api.w.org\/{rel}","templated":true}]}}