{"id":1625,"date":"2023-06-04T15:14:28","date_gmt":"2023-06-04T15:14:28","guid":{"rendered":"https:\/\/lavocedelpaese.info\/index.php\/2023\/06\/04\/erba-alta-a-gioia-egregio-assessore-allambiente-vito-etna\/"},"modified":"2023-06-04T15:14:28","modified_gmt":"2023-06-04T15:14:28","slug":"erba-alta-a-gioia-egregio-assessore-allambiente-vito-etna","status":"publish","type":"post","link":"https:\/\/noicattaro.lavocedelpaese.info\/index.php\/2023\/06\/04\/erba-alta-a-gioia-egregio-assessore-allambiente-vito-etna\/","title":{"rendered":"Erba alta a Gioia. Egregio Assessore all\u2019Ambiente Vito Etna\u2026"},"content":{"rendered":"<p>\u00a0<\/p>\n<p>\u200b\u00a0<\/p>\n<p>\u200bGioia \u2013 La Voce del Paese\u00a0<\/p>\n<div class=\"wp-block-image\">\n<\/div>\n<p>\u201cSiamo qui a segnalarle puntuali come ogni anno come un orologio Svizzero l\u2019annoso problema dell\u2019erba alta per le vie di Gioia del Colle.<\/p>\n<p>I cittadini oramai stanchi e sfiancati hanno smesso\u2026 quasi, di lamentarsi perch\u00e9 rassegnati.<\/p>\n<p>Molti di loro sono venuti a trovarci nella nostra sede (Corso Cavour) per \u201cchiederci\u201d di segnalare all\u2019Amministrazione Comunale questa ricorrente problematica che noi personalmente abbiamo gi\u00e0 segnalato in anni passati e che come al solito l\u2019Amministrazione Comunale ed il suo Assessorato non hanno messo al centro della propria programmazione.<\/p>\n<p><strong>Ma quali sono gli interventi che il comune deve garantire ai cittadini per il verde pubblico?<\/strong><\/p>\n<p>Gli interventi devono consistere principalmente in attivit\u00e0 di potatura, spalcatura, taglio rami pericolosi o che ostruiscono la visibilit\u00e0 o viabilit\u00e0 stradale, sfalcio erba, abbattimento piante malate o morte o pericolose per l\u2019incolumit\u00e0 pubblica, messa a dimora di nuove essenze arboree.<\/p>\n<p>Assessore Etna (con delega a Urbanistica \u2013 Sviluppo e Recupero delle Periferie e del Centro Storico \u2013 Ambiente \u2013 Gestione Rifiuti) ci dica!<\/p>\n<div class=\"wp-block-image\">\n<\/div>\n<p>Ma <strong>si sta provvedendo in questo \u201cnormale\u201d servizio che il Comune dovrebbe garantire ai Cittadini?<\/strong> Qualcuno sta provvedendo? Molti Cittadini ci riferiscono di non \u201cvedere\u201d nessuno all\u2019opera!<\/p>\n<p>Sulle periferie in particolar modo, dove <strong>il servizio di sfalcio erba<\/strong> \u00e8 stato subappaltato ad una ditta esterna diversa da quella che normalmente si occupa del verde pubblico con determinazioni n. 458-557-720 per un <strong>costo <\/strong>rispettivamente di <strong>euro 21.960 + 6.100 + 4.880<\/strong>, ci sono aggiornamenti? Le foto allegate sembrano dire esattamente il contrario!<\/p>\n<p>\u00c8 giusto sottolineare quando viene effettuata un\u2019azione utile alla citt\u00e0. Ma \u00e8 anche giusto evidenziare quando i servizi per i cittadini vengono a mancare o sono deficitari.<\/p>\n<p>Questo per correttezza di informazione e per <strong>raccontare sempre la verit\u00e0 ai Cittadini<\/strong> di Gioia del Colle\u201d.<\/p>\n<p class=\"has-text-align-right\"><strong>Movimento 5 Stelle<\/strong><\/p>\n<p class=\"has-text-align-right\"><strong>Gioia del Colle<\/strong><\/p>\n\n<p><a class=\"a2a_button_facebook\" href=\"https:\/\/www.addtoany.com\/add_to\/facebook?linkurl=https%3A%2F%2Fgioia.lavocedelpaese.info%2Findex.php%2F2023%2F06%2F04%2Ferba-alta-a-gioia-egregio-assessore-allambiente-vito-etna%2F&amp;linkname=Erba%20alta%20a%20Gioia.%20Egregio%20Assessore%20all%E2%80%99Ambiente%20Vito%20Etna%E2%80%A6\" title=\"Facebook\" target=\"_blank\" rel=\"noopener\"><\/a><a class=\"a2a_button_twitter\" href=\"https:\/\/www.addtoany.com\/add_to\/twitter?linkurl=https%3A%2F%2Fgioia.lavocedelpaese.info%2Findex.php%2F2023%2F06%2F04%2Ferba-alta-a-gioia-egregio-assessore-allambiente-vito-etna%2F&amp;linkname=Erba%20alta%20a%20Gioia.%20Egregio%20Assessore%20all%E2%80%99Ambiente%20Vito%20Etna%E2%80%A6\" title=\"Twitter\" target=\"_blank\" rel=\"noopener\"><\/a><a class=\"a2a_button_whatsapp\" href=\"https:\/\/www.addtoany.com\/add_to\/whatsapp?linkurl=https%3A%2F%2Fgioia.lavocedelpaese.info%2Findex.php%2F2023%2F06%2F04%2Ferba-alta-a-gioia-egregio-assessore-allambiente-vito-etna%2F&amp;linkname=Erba%20alta%20a%20Gioia.%20Egregio%20Assessore%20all%E2%80%99Ambiente%20Vito%20Etna%E2%80%A6\" title=\"WhatsApp\" target=\"_blank\" rel=\"noopener\"><\/a><a class=\"a2a_button_telegram\" href=\"https:\/\/www.addtoany.com\/add_to\/telegram?linkurl=https%3A%2F%2Fgioia.lavocedelpaese.info%2Findex.php%2F2023%2F06%2F04%2Ferba-alta-a-gioia-egregio-assessore-allambiente-vito-etna%2F&amp;linkname=Erba%20alta%20a%20Gioia.%20Egregio%20Assessore%20all%E2%80%99Ambiente%20Vito%20Etna%E2%80%A6\" title=\"Telegram\" target=\"_blank\" rel=\"noopener\"><\/a><a class=\"a2a_button_email\" href=\"https:\/\/www.addtoany.com\/add_to\/email?linkurl=https%3A%2F%2Fgioia.lavocedelpaese.info%2Findex.php%2F2023%2F06%2F04%2Ferba-alta-a-gioia-egregio-assessore-allambiente-vito-etna%2F&amp;linkname=Erba%20alta%20a%20Gioia.%20Egregio%20Assessore%20all%E2%80%99Ambiente%20Vito%20Etna%E2%80%A6\" title=\"Email\" target=\"_blank\" rel=\"noopener\"><\/a><\/p>\n<p>\u00a0<\/p>","protected":false},"excerpt":{"rendered":"<p>\u00a0 \u200b\u00a0 \u200bGioia \u2013 La Voce del Paese\u00a0 \u201cSiamo qui a segnalarle puntuali come ogni anno come un orologio Svizzero<\/p>\n","protected":false},"author":0,"featured_media":0,"comment_status":"open","ping_status":"closed","sticky":false,"template":"","format":"standard","meta":{"colormag_page_container_layout":"default_layout","colormag_page_sidebar_layout":"default_layout","_monsterinsights_skip_tracking":false,"_monsterinsights_sitenote_active":false,"_monsterinsights_sitenote_note":"","_monsterinsights_sitenote_category":0,"footnotes":""},"categories":[1],"tags":[],"class_list":["post-1625","post","type-post","status-publish","format-standard","hentry","category-uncategorized"],"_links":{"self":[{"href":"https:\/\/noicattaro.lavocedelpaese.info\/index.php\/wp-json\/wp\/v2\/posts\/1625","targetHints":{"allow":["GET"]}}],"collection":[{"href":"https:\/\/noicattaro.lavocedelpaese.info\/index.php\/wp-json\/wp\/v2\/posts"}],"about":[{"href":"https:\/\/noicattaro.lavocedelpaese.info\/index.php\/wp-json\/wp\/v2\/types\/post"}],"replies":[{"embeddable":true,"href":"https:\/\/noicattaro.lavocedelpaese.info\/index.php\/wp-json\/wp\/v2\/comments?post=1625"}],"version-history":[{"count":0,"href":"https:\/\/noicattaro.lavocedelpaese.info\/index.php\/wp-json\/wp\/v2\/posts\/1625\/revisions"}],"wp:attachment":[{"href":"https:\/\/noicattaro.lavocedelpaese.info\/index.php\/wp-json\/wp\/v2\/media?parent=1625"}],"wp:term":[{"taxonomy":"category","embeddable":true,"href":"https:\/\/noicattaro.lavocedelpaese.info\/index.php\/wp-json\/wp\/v2\/categories?post=1625"},{"taxonomy":"post_tag","embeddable":true,"href":"https:\/\/noicattaro.lavocedelpaese.info\/index.php\/wp-json\/wp\/v2\/tags?post=1625"}],"curies":[{"name":"wp","href":"https:\/\/api.w.org\/{rel}","templated":true}]}}