{"id":1720,"date":"2023-07-05T06:30:42","date_gmt":"2023-07-05T06:30:42","guid":{"rendered":"https:\/\/lavocedelpaese.info\/index.php\/2023\/07\/05\/aree-pedonali-estive-al-via-dal-7-luglio\/"},"modified":"2023-07-05T06:30:42","modified_gmt":"2023-07-05T06:30:42","slug":"aree-pedonali-estive-al-via-dal-7-luglio","status":"publish","type":"post","link":"https:\/\/noicattaro.lavocedelpaese.info\/index.php\/2023\/07\/05\/aree-pedonali-estive-al-via-dal-7-luglio\/","title":{"rendered":"Aree pedonali estive, al via dal 7 luglio"},"content":{"rendered":"<p>\u00a0<\/p>\n<p>\u200b\u00a0<\/p>\n<p>\u200bTuri \u2013 La Voce del Paese\u00a0<\/p>\n<p><strong>Fino al 31 agosto, niente auto dalle ore 20.30 alle ore 01.00<\/strong><\/p>\n<p>Con delibera del 30 giugno, la Giunta ha riproposto l\u2019istituzione delle aree pedonali temporanee, in vigore<strong> dal 7 luglio al 31 agosto<\/strong>.<\/p>\n<p>Il provvedimento, oltre a favorire momenti aggregativi, va incontro alle istanze delle attivit\u00e0 commerciali, che hanno gi\u00e0 presentato richiesta di installare i dehors, garantendo agli avventori di poter fruire il servizio in sicurezza.<\/p>\n<p>Come disciplinato dall\u2019ordinanza a firma del Comandante della Polizia Locale, il dott. Leone, sono tre le zone del centro abitato in cui sar\u00e0 vietato il transito, la sosta e la fermata per tutti i veicoli <strong>dalle ore 20.30 alle ore 01.00<\/strong>:<\/p>\n<p>Piazza Chiesa;<\/p>\n<p>Via Antonio Orlandi (intero tratto);<\/p>\n<p>Villa Comunale, l\u2019area compresa tra Piazza Pertini e Piazza Moro (lato bar Camel fino a via Eramo).<\/p>\n<p>Specifiche prescrizioni riguardano:<\/p>\n<p><strong>Via Alberto De Carolis<\/strong>: verr\u00e0 chiusa alla circolazione con l\u2019utilizzo di transenne posizionate all\u2019innesto con via dott. Domenico Resta, consentendo solo ai residenti di raggiungere i propri garage o, per compravate esigenze, di transitare in uscita (percorrendo via Antonio Orlandi e defluendo da via Manzoni).<\/p>\n<p><strong>Vico I Antonio Orlandi<\/strong>: sar\u00e0 consentito ai residenti il transito dei veicoli in condizioni di massima sicurezza, al solo scopo di raggiungerei propri garage ivi ubicati<\/p>\n<p>Nelle aree pedonali, indicate mediante l\u2019apposizione di segnaletica verticale e delimitate con l\u2019impiego di transenne che saranno movimentate dalla ditta \u201cCatucci srl\u201d, \u00e8 consentito l\u2019accesso e la sosta solo ai mezzi delle Forze di Polizia e ai veicoli dei servizi di emergenza e soccorso. Inoltre, le restrizioni non si applicano ai veicoli al servizio di persone con limitate o impedite capacit\u00e0 motorie, cui \u00e8 garantita la possibilit\u00e0 di \u201craggiungere, a passo d\u2019uomo, eventuali passi carrabili dove ricoverare i veicoli di propriet\u00e0 e\/o in uso, ovvero per fruire delle attivit\u00e0 presenti all\u2019interno dell\u2019area pedonale\u201d.<\/p>\n<p><a class=\"a2a_button_facebook\" href=\"https:\/\/www.addtoany.com\/add_to\/facebook?linkurl=https%3A%2F%2Fturi.lavocedelpaese.info%2Faree-pedonali-estive-al-via-dal-7-luglio%2F&amp;linkname=Aree%20pedonali%20estive%2C%20al%20via%20dal%207%20luglio\" title=\"Facebook\" target=\"_blank\" rel=\"noopener\"><\/a><a class=\"a2a_button_twitter\" href=\"https:\/\/www.addtoany.com\/add_to\/twitter?linkurl=https%3A%2F%2Fturi.lavocedelpaese.info%2Faree-pedonali-estive-al-via-dal-7-luglio%2F&amp;linkname=Aree%20pedonali%20estive%2C%20al%20via%20dal%207%20luglio\" title=\"Twitter\" target=\"_blank\" rel=\"noopener\"><\/a><a class=\"a2a_button_whatsapp\" href=\"https:\/\/www.addtoany.com\/add_to\/whatsapp?linkurl=https%3A%2F%2Fturi.lavocedelpaese.info%2Faree-pedonali-estive-al-via-dal-7-luglio%2F&amp;linkname=Aree%20pedonali%20estive%2C%20al%20via%20dal%207%20luglio\" title=\"WhatsApp\" target=\"_blank\" rel=\"noopener\"><\/a><a class=\"a2a_button_telegram\" href=\"https:\/\/www.addtoany.com\/add_to\/telegram?linkurl=https%3A%2F%2Fturi.lavocedelpaese.info%2Faree-pedonali-estive-al-via-dal-7-luglio%2F&amp;linkname=Aree%20pedonali%20estive%2C%20al%20via%20dal%207%20luglio\" title=\"Telegram\" target=\"_blank\" rel=\"noopener\"><\/a><a class=\"a2a_button_email\" href=\"https:\/\/www.addtoany.com\/add_to\/email?linkurl=https%3A%2F%2Fturi.lavocedelpaese.info%2Faree-pedonali-estive-al-via-dal-7-luglio%2F&amp;linkname=Aree%20pedonali%20estive%2C%20al%20via%20dal%207%20luglio\" title=\"Email\" target=\"_blank\" rel=\"noopener\"><\/a><\/p>\n<p>\u00a0<\/p>","protected":false},"excerpt":{"rendered":"<p>\u00a0 \u200b\u00a0 \u200bTuri \u2013 La Voce del Paese\u00a0 Fino al 31 agosto, niente auto dalle ore 20.30 alle ore 01.00<\/p>\n","protected":false},"author":0,"featured_media":0,"comment_status":"open","ping_status":"closed","sticky":false,"template":"","format":"standard","meta":{"colormag_page_container_layout":"default_layout","colormag_page_sidebar_layout":"default_layout","_monsterinsights_skip_tracking":false,"_monsterinsights_sitenote_active":false,"_monsterinsights_sitenote_note":"","_monsterinsights_sitenote_category":0,"footnotes":""},"categories":[1],"tags":[],"class_list":["post-1720","post","type-post","status-publish","format-standard","hentry","category-uncategorized"],"_links":{"self":[{"href":"https:\/\/noicattaro.lavocedelpaese.info\/index.php\/wp-json\/wp\/v2\/posts\/1720","targetHints":{"allow":["GET"]}}],"collection":[{"href":"https:\/\/noicattaro.lavocedelpaese.info\/index.php\/wp-json\/wp\/v2\/posts"}],"about":[{"href":"https:\/\/noicattaro.lavocedelpaese.info\/index.php\/wp-json\/wp\/v2\/types\/post"}],"replies":[{"embeddable":true,"href":"https:\/\/noicattaro.lavocedelpaese.info\/index.php\/wp-json\/wp\/v2\/comments?post=1720"}],"version-history":[{"count":0,"href":"https:\/\/noicattaro.lavocedelpaese.info\/index.php\/wp-json\/wp\/v2\/posts\/1720\/revisions"}],"wp:attachment":[{"href":"https:\/\/noicattaro.lavocedelpaese.info\/index.php\/wp-json\/wp\/v2\/media?parent=1720"}],"wp:term":[{"taxonomy":"category","embeddable":true,"href":"https:\/\/noicattaro.lavocedelpaese.info\/index.php\/wp-json\/wp\/v2\/categories?post=1720"},{"taxonomy":"post_tag","embeddable":true,"href":"https:\/\/noicattaro.lavocedelpaese.info\/index.php\/wp-json\/wp\/v2\/tags?post=1720"}],"curies":[{"name":"wp","href":"https:\/\/api.w.org\/{rel}","templated":true}]}}