{"id":1721,"date":"2023-07-05T15:13:40","date_gmt":"2023-07-05T15:13:40","guid":{"rendered":"https:\/\/lavocedelpaese.info\/index.php\/2023\/07\/05\/affidata-alla-pro-loco-apulia-country-la-gestione-dellestate-cassanese\/"},"modified":"2023-07-05T15:13:40","modified_gmt":"2023-07-05T15:13:40","slug":"affidata-alla-pro-loco-apulia-country-la-gestione-dellestate-cassanese","status":"publish","type":"post","link":"https:\/\/noicattaro.lavocedelpaese.info\/index.php\/2023\/07\/05\/affidata-alla-pro-loco-apulia-country-la-gestione-dellestate-cassanese\/","title":{"rendered":"Affidata alla Pro Loco \u201cApulia Country\u201d la gestione dell\u2019Estate Cassanese"},"content":{"rendered":"<p>\u00a0<\/p>\n<p>\u200b\u00a0<\/p>\n<p>\u200bCassano \u2013 La Voce del Paese\u00a0<\/p>\n<p>di Giovanni Brunelli<\/p>\n<p>E\u2019 stata affidata all\u2019Associazione Pro Loco \u201cApulia Country\u201d la gestione del cartellone estivo degli eventi promosso dal Comune di Cassano delle Murge in collaborazione con diverse Associazioni del territorio.<\/p>\n<p>Poco meno di 25mila euro la somma stanziata (a cui si aggiungono 3.500 euro per la presenza del personale della Pubblica Assistenza a tutte le manifestazioni) e con i diritti SIAE a cura di chi organizza: venticinque le data programmate tra musica, spettacoli, enogastronomia.<\/p>\n<p>Resta, invece, appannaggio dell\u2019Associazione \u201cLa Murgianella\u201d (non pi\u00f9 iscritta all\u2019Albo Regionale delle Pro Loco pugliesi) la gestione della storica \u201cSagra della Focaccia\u201d e della pi\u00f9 recente \u201cSagra del panzerotto\u201d: un compromesso che non mancher\u00e0 di far discutere dato che la prima e pi\u00f9 antica Sagra cassanese \u00e8 patrimonio della comunit\u00e0 cittadina e veniva per questo gestita dalla Pro Loco non da questa o quella Associazione. <\/p>\n<p>D\u2019altra parte non molto tempo fa la questione  contrappose proprio l\u2019ex Pro Loco e i panificatori cassanesi esattamente sulla primogenitura della \u201cSagra della Focaccia\u201d (che giunge quest\u2019anno alla 44\u00b0 edizione), sciolta grazie ai documenti rinvenuti da chi scrive queste note dal quale si evinse senza ombra di dubbio che la prima Sagra (all\u2019epoca fu chiamata \u201cFesta della Focaccia\u201d) la ide\u00f2 la Pro Loco \u201cMurgia di Cassano\u201d.<\/p>\n<p>Di seguito le date delle manifestazioni:<\/p>\n<p>6 Luglio<br \/>Pas\u00econ Andaluza<br \/>Musica Flamenco<br \/>Piazza Moro ore 20.30<br \/>a cura di Ass. Centro Studi Musicali<\/p>\n<p> 7 Luglio<br \/>Cena in Bianco<br \/>Piazza Moro ore 20.30<br \/>a cura di Apulia Countri Pro Loco<\/p>\n<p> 8 Luglio<br \/>Notte bianca dello sport<br \/>2\u00aa edizione<br \/>Cava Grande \u2013 a partire dalle ore 18.00<br \/>a cura di Chaos aps<\/p>\n<p> 9 Luglio<br \/>Zone d\u2019Autore<br \/>Incontro con l\u2019autore Paolo Borrometi<br \/>presenta il libro \u201cTraditori\u201d<br \/>Sagrato Convento \u2013 ore 19.30<br \/>a cura dell\u2019Associazione Zone di lettura<\/p>\n<p> 9 Luglio<br \/>Festa del Falco Grillaio<br \/>Centro Storico \u2013 a partire dalle ore 18.30<br \/>a cura di Legambiente e La Murgianella<\/p>\n<p> 11 Luglio<br \/>Uno spettacolo pazzesco<br \/>Evento musicale con Mario Rosini, Gaetano Partipilo, Tony Petruzzellis, Annarita Del Piano, Gaia Gentile, Gaia Mallardi<br \/>Piazza Moro ore 21.00<\/p>\n<p> 14 Luglio<br \/>Dystopia<br \/>Evento musicale<br \/>Cava piccola<br \/>a cura dell\u2019Associazione L\u2019Eco<\/p>\n<p> 21 Luglio<br \/>Notte Bianca dell\u2019infanzia<br \/>Piazza Moro<br \/>A cura dell\u2019Associazione Zona di Lettura<\/p>\n<p> 22 Luglio<br \/>Banda Itinerante<br \/>Evento Bandistico nei borghi del paese<br \/>A cura dell\u2019Associazione Musicale S. Maria degli Angeli<\/p>\n<p> 27 luglio<br \/>Napule \u00e8<br \/>Scuola Cantautorale napoletana<br \/>Orchestra Sinfonica della Citt\u00e0 Metropolitana di Bari<br \/>Piazza Moro \u2013 ore 20.30<\/p>\n<p> 31 luglio<br \/>Piazza Moro \u2013 a partire dalle ore 19.30<br \/>Solenne Cerimonia stipula atto di gemellaggio<br \/>Cassano delle Murge e M\u00fchlenbecker Land<br \/>\u00b7 Concerto coro dei bambini di M\u00fchlenbecker Land<\/p>\n<p> 5 Agosto<br \/>La Traviata in Concerto<br \/>Santuario S. Maria degli Angeli<br \/>A cura di Onde Armoniche aps<\/p>\n<p> 9 Agosto<br \/>Cinema all\u2019aperto<br \/>Book Club<br \/>A cura di Apulia Country Pro Loco<\/p>\n<p> 18 Agosto<br \/>Un prato di storie e pennelli<br \/>Parco Giochi \u2013 Piazza Martiri delle Foibe<br \/>A cura dell\u2019Associazione Zona di Lettura<\/p>\n<p> 19 Agosto<br \/>Jukebox<br \/>Piazza Moro<\/p>\n<p> 20 Agosto<br \/>Sagra della Focaccia<br \/>Piazza Moro<br \/>a cura della associazione La Murgianella<\/p>\n<p> 21 Agosto<br \/>Sagra del Panzerotto<br \/>Piazza Moro<br \/>a cura dell\u2019Associazione La Murgianella<\/p>\n<p> 23 Agosto<br \/>Cinema all\u2019aperto<br \/>Corro da te<br \/>A cura di Apulia Country Pro Loco<\/p>\n<p> 25 Agosto<br \/>Zone d\u2019Autore<br \/>Incontro con l\u2019autrice Anna Puricella<br \/>presenta il libro \u201cMonteruga\u201d<br \/>Sagrato Convento \u2013 ore 19.30<br \/>a cura dell\u2019Associazione Zone di lettura<\/p>\n<p> 26 Agosto<br \/>Tangos y Choros latinoamericanos<br \/>Spettacolo musicale<br \/>Santuario S. Maria degli Angeli<br \/>A cura di Onde Armoniche aps<\/p>\n<p> 2 Settembre<br \/>Zone d\u2019Autore<br \/>Incontro con l\u2019autrice Gabriella Genisi<br \/>presenta il libro \u201cL\u2019angelo di Castelforte\u201d<br \/>Sagrato Convento \u2013 ore 19.30<br \/>a cura dell\u2019Associazione Zone di lettura<\/p>\n<p> 2 e 3 Settembre<br \/>Talk show e Odissea<br \/>Piazza Moro<br \/>A cura di La Fabbrica Creattiva e Primule Rosse<\/p>\n<p> 3 Settembre<br \/>Sharon Day Caninsieme 2023<br \/>A cura della Associazione La Murgianella<br \/>Piazza Rossani<\/p>\n<p>28-30 Settembre<br \/>Festival dell\u2019Infanzia<br \/>A cura dell Istituto Comprensivo Perotti \u2013 Ruffo <\/p>\n\n<p><a class=\"a2a_button_facebook\" href=\"https:\/\/www.addtoany.com\/add_to\/facebook?linkurl=https%3A%2F%2Fcassano.lavocedelpaese.info%2Findex.php%2F2023%2F07%2F05%2Faffidata-alla-pro-loco-apulia-country-la-gestione-dellestate-cassanese%2F&amp;linkname=Affidata%20alla%20Pro%20Loco%20%E2%80%9CApulia%20Country%E2%80%9D%20la%20gestione%20dell%E2%80%99Estate%20Cassanese\" title=\"Facebook\" target=\"_blank\" rel=\"noopener\"><\/a><a class=\"a2a_button_twitter\" href=\"https:\/\/www.addtoany.com\/add_to\/twitter?linkurl=https%3A%2F%2Fcassano.lavocedelpaese.info%2Findex.php%2F2023%2F07%2F05%2Faffidata-alla-pro-loco-apulia-country-la-gestione-dellestate-cassanese%2F&amp;linkname=Affidata%20alla%20Pro%20Loco%20%E2%80%9CApulia%20Country%E2%80%9D%20la%20gestione%20dell%E2%80%99Estate%20Cassanese\" title=\"Twitter\" target=\"_blank\" rel=\"noopener\"><\/a><a class=\"a2a_button_whatsapp\" href=\"https:\/\/www.addtoany.com\/add_to\/whatsapp?linkurl=https%3A%2F%2Fcassano.lavocedelpaese.info%2Findex.php%2F2023%2F07%2F05%2Faffidata-alla-pro-loco-apulia-country-la-gestione-dellestate-cassanese%2F&amp;linkname=Affidata%20alla%20Pro%20Loco%20%E2%80%9CApulia%20Country%E2%80%9D%20la%20gestione%20dell%E2%80%99Estate%20Cassanese\" title=\"WhatsApp\" target=\"_blank\" rel=\"noopener\"><\/a><a class=\"a2a_button_telegram\" href=\"https:\/\/www.addtoany.com\/add_to\/telegram?linkurl=https%3A%2F%2Fcassano.lavocedelpaese.info%2Findex.php%2F2023%2F07%2F05%2Faffidata-alla-pro-loco-apulia-country-la-gestione-dellestate-cassanese%2F&amp;linkname=Affidata%20alla%20Pro%20Loco%20%E2%80%9CApulia%20Country%E2%80%9D%20la%20gestione%20dell%E2%80%99Estate%20Cassanese\" title=\"Telegram\" target=\"_blank\" rel=\"noopener\"><\/a><a class=\"a2a_button_email\" href=\"https:\/\/www.addtoany.com\/add_to\/email?linkurl=https%3A%2F%2Fcassano.lavocedelpaese.info%2Findex.php%2F2023%2F07%2F05%2Faffidata-alla-pro-loco-apulia-country-la-gestione-dellestate-cassanese%2F&amp;linkname=Affidata%20alla%20Pro%20Loco%20%E2%80%9CApulia%20Country%E2%80%9D%20la%20gestione%20dell%E2%80%99Estate%20Cassanese\" title=\"Email\" target=\"_blank\" rel=\"noopener\"><\/a><\/p>\n<p>\u00a0<\/p>","protected":false},"excerpt":{"rendered":"<p>\u00a0 \u200b\u00a0 \u200bCassano \u2013 La Voce del Paese\u00a0 di Giovanni Brunelli E\u2019 stata affidata all\u2019Associazione Pro Loco \u201cApulia Country\u201d la<\/p>\n","protected":false},"author":0,"featured_media":0,"comment_status":"open","ping_status":"closed","sticky":false,"template":"","format":"standard","meta":{"colormag_page_container_layout":"default_layout","colormag_page_sidebar_layout":"default_layout","_monsterinsights_skip_tracking":false,"_monsterinsights_sitenote_active":false,"_monsterinsights_sitenote_note":"","_monsterinsights_sitenote_category":0,"footnotes":""},"categories":[1],"tags":[],"class_list":["post-1721","post","type-post","status-publish","format-standard","hentry","category-uncategorized"],"_links":{"self":[{"href":"https:\/\/noicattaro.lavocedelpaese.info\/index.php\/wp-json\/wp\/v2\/posts\/1721","targetHints":{"allow":["GET"]}}],"collection":[{"href":"https:\/\/noicattaro.lavocedelpaese.info\/index.php\/wp-json\/wp\/v2\/posts"}],"about":[{"href":"https:\/\/noicattaro.lavocedelpaese.info\/index.php\/wp-json\/wp\/v2\/types\/post"}],"replies":[{"embeddable":true,"href":"https:\/\/noicattaro.lavocedelpaese.info\/index.php\/wp-json\/wp\/v2\/comments?post=1721"}],"version-history":[{"count":0,"href":"https:\/\/noicattaro.lavocedelpaese.info\/index.php\/wp-json\/wp\/v2\/posts\/1721\/revisions"}],"wp:attachment":[{"href":"https:\/\/noicattaro.lavocedelpaese.info\/index.php\/wp-json\/wp\/v2\/media?parent=1721"}],"wp:term":[{"taxonomy":"category","embeddable":true,"href":"https:\/\/noicattaro.lavocedelpaese.info\/index.php\/wp-json\/wp\/v2\/categories?post=1721"},{"taxonomy":"post_tag","embeddable":true,"href":"https:\/\/noicattaro.lavocedelpaese.info\/index.php\/wp-json\/wp\/v2\/tags?post=1721"}],"curies":[{"name":"wp","href":"https:\/\/api.w.org\/{rel}","templated":true}]}}