{"id":1763,"date":"2023-07-18T18:26:08","date_gmt":"2023-07-18T18:26:08","guid":{"rendered":"https:\/\/lavocedelpaese.info\/index.php\/2023\/07\/18\/elementa-la-performance-di-fino-tra-spazio-materia-e-tempo\/"},"modified":"2023-07-18T18:26:08","modified_gmt":"2023-07-18T18:26:08","slug":"elementa-la-performance-di-fino-tra-spazio-materia-e-tempo","status":"publish","type":"post","link":"https:\/\/noicattaro.lavocedelpaese.info\/index.php\/2023\/07\/18\/elementa-la-performance-di-fino-tra-spazio-materia-e-tempo\/","title":{"rendered":"Elementa: la performance di Fino tra spazio, materia e tempo"},"content":{"rendered":"<p>\u00a0<\/p>\n<p>\u200b\u00a0<\/p>\n<p>\u200bAcquaviva \u2013 La Voce del Paese\u00a0<\/p>\n<p>Dal 30 giugno 2023 \u00e8 fuori \u201cElementa\u201d, \u00a0media opera per musica, danza, video e sensore di movimento del giovanissimo sound artist e percussionista barese, Niccol\u00f2 Fino.<\/p>\n<p>Laureato al Conservatorio \u201cN. Piccinni\u201d di Bari in Strumenti a Percussione sotto la guida di Filippo Lattanzi e specializzato al Conservatorio Santa Cecilia (Roma) in Musica Contemporanea, Fino, classe 1997, nel suo stile compositivo e interpretativo, cerca connessioni tra suono, colore e pensiero, complice la forte influenza dell\u2019arte pittorica e della filosofia nella sua idea di arte e vita. Di qui rumore, silenzio, spazio, timbro divengono strumenti espressivi dotati di straordinaria efficacia e pervasivit\u00e0 oltre che mezzo di fusione, di assemblaggio, finanche per la simbiosi tra le varie arti: dalla musica alla danza e teatro musicale, dal video all\u2019utilizzo di sensori di movimento, generando esperienze immersive in realt\u00e0 alternative e recondite.<\/p>\n<p><em>Elementa<\/em> \u00e8 tutto questo. <em>Elementa<\/em> \u00e8 una performance che porta lo spettatore ad una riflessione sulle molteplici forme dell\u2019essere per poi giungere a scoprire una parte di s\u00e9 inconscia. <em>Elementa<\/em> \u00e8 denudare la propria mente attraverso suoni, luce e spazio.<\/p>\n<p><em>Elementa<\/em> ribalta la narrativa della societ\u00e0 contemporanea proponendo l\u2019uomo quale essere lento tra le cui maglie si cela una profonda scissione tra s\u00e9 stessi e la realt\u00e0. La performance si apre consegnandoci una rappresentazione angosciosa del protagonista in cui negativit\u00e0, paure e riflessioni sul senso delle cose giocano drammaticamente sul palcoscenico contrastante con un ambiente visivo quasi fumettistico, volutamente impreciso ed alienante.<\/p>\n<p>\u00c8 il sogno lucido e l\u2019incontro con un altro s\u00e9 essenziale a condurre la danzatrice protagonista nell\u2019esperienza con i tre elementi fondamentali di quella che noi tendiamo a definire realt\u00e0: spazio, materia e tempo. Lo spazio definisce le possibilit\u00e0 del nostro movimento, la materia genera vita attraverso il processo di costruzione innato nell\u2019uomo, le molteplici linee del tempo scorrono orizzontali ed inarrestabili al di sopra di ogni cosa.<\/p>\n<p>Solo percorrendo questa strada insieme psicologica e prospettiva, reale e drammatica, l\u2019uomo esperir\u00e0 le possibilit\u00e0 magnifiche e liberanti di una rinascita, di un nuovo equilibrio consapevole tra s\u00e9 stessi e tutto quello che ci circonda.<\/p>\n<p>Interdisciplinarit\u00e0, pluralit\u00e0 di linguaggi musicali e interazione in tempo reale sono le chiavi di questo progetto. Ciascun movimento \u00e8 ricreato sotto forma di ambiente visivo digitale proiettato che rimanda a polveri, flussi, galassie, geometrie e simboli. La gestualit\u00e0 della danzatrice \u00e8 captata da sensori di movimento che generano diversi tipi di interazione con l\u2019apparato audio \u2013 visivo. L\u2019approccio compositivo \u00e8 elettroacustico: suoni percussivi e vocali si intrecciano con flussi elettronici, sintetizzatori ed archi.<\/p>\n<p>Un progetto del tutto innovativo, realizzato integralmente in Puglia da un team tutto italiano ad Acquaviva delle Fonti prodotto da <strong>Altrementi Labs<\/strong> nell\u2019ambito dell\u2019avviso Producer 2023 promosso da Puglia Sounds.<\/p>\n<p><a class=\"a2a_button_facebook\" href=\"https:\/\/www.addtoany.com\/add_to\/facebook?linkurl=https%3A%2F%2Facquaviva.lavocedelpaese.info%2Findex.php%2F2023%2F07%2F18%2Felementa-la-performance-di-fino-tra-spazio-materia-e-tempo%2F&amp;linkname=Elementa%3A%20la%20performance%20di%20Fino%20tra%20spazio%2C%20materia%20e%20tempo\" title=\"Facebook\" target=\"_blank\" rel=\"noopener\"><\/a><a class=\"a2a_button_twitter\" href=\"https:\/\/www.addtoany.com\/add_to\/twitter?linkurl=https%3A%2F%2Facquaviva.lavocedelpaese.info%2Findex.php%2F2023%2F07%2F18%2Felementa-la-performance-di-fino-tra-spazio-materia-e-tempo%2F&amp;linkname=Elementa%3A%20la%20performance%20di%20Fino%20tra%20spazio%2C%20materia%20e%20tempo\" title=\"Twitter\" target=\"_blank\" rel=\"noopener\"><\/a><a class=\"a2a_button_whatsapp\" href=\"https:\/\/www.addtoany.com\/add_to\/whatsapp?linkurl=https%3A%2F%2Facquaviva.lavocedelpaese.info%2Findex.php%2F2023%2F07%2F18%2Felementa-la-performance-di-fino-tra-spazio-materia-e-tempo%2F&amp;linkname=Elementa%3A%20la%20performance%20di%20Fino%20tra%20spazio%2C%20materia%20e%20tempo\" title=\"WhatsApp\" target=\"_blank\" rel=\"noopener\"><\/a><a class=\"a2a_button_telegram\" href=\"https:\/\/www.addtoany.com\/add_to\/telegram?linkurl=https%3A%2F%2Facquaviva.lavocedelpaese.info%2Findex.php%2F2023%2F07%2F18%2Felementa-la-performance-di-fino-tra-spazio-materia-e-tempo%2F&amp;linkname=Elementa%3A%20la%20performance%20di%20Fino%20tra%20spazio%2C%20materia%20e%20tempo\" title=\"Telegram\" target=\"_blank\" rel=\"noopener\"><\/a><a class=\"a2a_button_email\" href=\"https:\/\/www.addtoany.com\/add_to\/email?linkurl=https%3A%2F%2Facquaviva.lavocedelpaese.info%2Findex.php%2F2023%2F07%2F18%2Felementa-la-performance-di-fino-tra-spazio-materia-e-tempo%2F&amp;linkname=Elementa%3A%20la%20performance%20di%20Fino%20tra%20spazio%2C%20materia%20e%20tempo\" title=\"Email\" target=\"_blank\" rel=\"noopener\"><\/a><\/p>\n<p>\u00a0<\/p>","protected":false},"excerpt":{"rendered":"<p>\u00a0 \u200b\u00a0 \u200bAcquaviva \u2013 La Voce del Paese\u00a0 Dal 30 giugno 2023 \u00e8 fuori \u201cElementa\u201d, \u00a0media opera per musica, danza,<\/p>\n","protected":false},"author":0,"featured_media":0,"comment_status":"open","ping_status":"closed","sticky":false,"template":"","format":"standard","meta":{"colormag_page_container_layout":"default_layout","colormag_page_sidebar_layout":"default_layout","_monsterinsights_skip_tracking":false,"_monsterinsights_sitenote_active":false,"_monsterinsights_sitenote_note":"","_monsterinsights_sitenote_category":0,"footnotes":""},"categories":[1],"tags":[],"class_list":["post-1763","post","type-post","status-publish","format-standard","hentry","category-uncategorized"],"_links":{"self":[{"href":"https:\/\/noicattaro.lavocedelpaese.info\/index.php\/wp-json\/wp\/v2\/posts\/1763","targetHints":{"allow":["GET"]}}],"collection":[{"href":"https:\/\/noicattaro.lavocedelpaese.info\/index.php\/wp-json\/wp\/v2\/posts"}],"about":[{"href":"https:\/\/noicattaro.lavocedelpaese.info\/index.php\/wp-json\/wp\/v2\/types\/post"}],"replies":[{"embeddable":true,"href":"https:\/\/noicattaro.lavocedelpaese.info\/index.php\/wp-json\/wp\/v2\/comments?post=1763"}],"version-history":[{"count":0,"href":"https:\/\/noicattaro.lavocedelpaese.info\/index.php\/wp-json\/wp\/v2\/posts\/1763\/revisions"}],"wp:attachment":[{"href":"https:\/\/noicattaro.lavocedelpaese.info\/index.php\/wp-json\/wp\/v2\/media?parent=1763"}],"wp:term":[{"taxonomy":"category","embeddable":true,"href":"https:\/\/noicattaro.lavocedelpaese.info\/index.php\/wp-json\/wp\/v2\/categories?post=1763"},{"taxonomy":"post_tag","embeddable":true,"href":"https:\/\/noicattaro.lavocedelpaese.info\/index.php\/wp-json\/wp\/v2\/tags?post=1763"}],"curies":[{"name":"wp","href":"https:\/\/api.w.org\/{rel}","templated":true}]}}