{"id":1772,"date":"2023-07-21T08:14:37","date_gmt":"2023-07-21T08:14:37","guid":{"rendered":"https:\/\/lavocedelpaese.info\/index.php\/2023\/07\/21\/comune-due-dirigenti-restano-ma-la-del-re-se-ne-e-andata\/"},"modified":"2023-07-21T08:14:37","modified_gmt":"2023-07-21T08:14:37","slug":"comune-due-dirigenti-restano-ma-la-del-re-se-ne-e-andata","status":"publish","type":"post","link":"https:\/\/noicattaro.lavocedelpaese.info\/index.php\/2023\/07\/21\/comune-due-dirigenti-restano-ma-la-del-re-se-ne-e-andata\/","title":{"rendered":"Comune, due Dirigenti restano ma la Del Re se ne \u00e8 andata"},"content":{"rendered":"<p>\u00a0<\/p>\n<p>\u200b\u00a0<\/p>\n<p>\u200bCassano \u2013 La Voce del Paese\u00a0<\/p>\n<p>Solo 12 ore a settimana e per di pi\u00f9 al di fuori dell\u2019orario di lavoro canonico.<\/p>\n<p>\u00c8 quanto l\u2019Amministrazione Del Re \u00e8 riuscita a \u201cstrappare\u201d al Comune di Lavello pur di continuare ad avere a Cassano <strong>il Comandante della Polizia Locale, Michele Cannito e la Dirigente Principia Tummolo<\/strong>, a capo del settore che si occupa di Contenzioso, Personale Giuridico, Contratti e Affari Generali.<\/p>\n<p>Il tutto solo fino a fine settembre prossimo.<\/p>\n<p>Com\u2019\u00e8 noto, infatti, i due dipendenti \u2013 che con la sottoscrizione del nuovo Contratto Nazionale si chiamano <em>\u201cIncaricati di Elevata Qualificazione\u201d<\/em> \u2013 sono in forza al Comune della provincia di Potenza, distaccati a Cassano dal novembre scorso che per\u00f2 Lavello ha reclamato perch\u00e9 tornassero appieno nelle loro funzioni ed al loro posto di lavoro, lasciando, per\u00f2, in grave carenza di organico il Comune cassanese.<\/p>\n<p>Si \u00e8 quindi raggiunto un equilibrio \u2013 anche se del tutto instabile \u2013 con la sottoscrizione di una nuova convenzione, studiata nei minimi dettagli dal Segretario Generale del Comune di Cassano, <strong>Giampiero Devillanova<\/strong> che prevede, appunto, un impegno lavorativo per Cannito e per la Tummolo di 12 ore a settimana per il Comune di Cassano ma al di fuori del loro orario di lavoro <em>\u201ccon modalit\u00e0 tali<\/em> \u2013 si legge negli atti \u2013 \u00a0<em>da non arrecare alcun pregiudizio al corretto svolgimento del rapporto con l\u2019Ente di appartenenza o interferire con i suoi compiti istituzionali<\/em>\u201d.<\/p>\n<p>Il tutto fino a fine settembre, quando con ogni probabilit\u00e0 i due Dirigenti torneranno a Lavello.<\/p>\n<p>Torna definitivamente al Comune di Bari, invece, la Dirigente <strong>Antonella Del Re<\/strong>, che non deve aver vissuto una buona esperienza presso il Palazzo di piazza Moro dal quale \u00e8 scappata via appena ha potuto.<\/p>\n<p>I compiti della Del Re sono stati spacchettati e assegnati a Ivano Biancardi (al quale sono andati Anagrafe, Stato civile, elettorale, Aire, Statistica; Turismo, sport e tempo libero, marketing territoriale, pubblica istruzione e servizi scolastici) e Fedele Spinelli (Attivit\u00e0 produttive, Suap e Commercio).<\/p>\n<p class=\"has-text-align-right\">Giovanni Brunelli<\/p>\n<p><a class=\"a2a_button_facebook\" href=\"https:\/\/www.addtoany.com\/add_to\/facebook?linkurl=https%3A%2F%2Fcassano.lavocedelpaese.info%2Findex.php%2F2023%2F07%2F21%2Fcomune-due-dirigenti-restano-ma-la-del-re-se-ne-e-andata%2F&amp;linkname=Comune%2C%20due%20Dirigenti%20restano%20ma%20la%20Del%20Re%20se%20ne%20%C3%A8%20andata\" title=\"Facebook\" target=\"_blank\" rel=\"noopener\"><\/a><a class=\"a2a_button_twitter\" href=\"https:\/\/www.addtoany.com\/add_to\/twitter?linkurl=https%3A%2F%2Fcassano.lavocedelpaese.info%2Findex.php%2F2023%2F07%2F21%2Fcomune-due-dirigenti-restano-ma-la-del-re-se-ne-e-andata%2F&amp;linkname=Comune%2C%20due%20Dirigenti%20restano%20ma%20la%20Del%20Re%20se%20ne%20%C3%A8%20andata\" title=\"Twitter\" target=\"_blank\" rel=\"noopener\"><\/a><a class=\"a2a_button_whatsapp\" href=\"https:\/\/www.addtoany.com\/add_to\/whatsapp?linkurl=https%3A%2F%2Fcassano.lavocedelpaese.info%2Findex.php%2F2023%2F07%2F21%2Fcomune-due-dirigenti-restano-ma-la-del-re-se-ne-e-andata%2F&amp;linkname=Comune%2C%20due%20Dirigenti%20restano%20ma%20la%20Del%20Re%20se%20ne%20%C3%A8%20andata\" title=\"WhatsApp\" target=\"_blank\" rel=\"noopener\"><\/a><a class=\"a2a_button_telegram\" href=\"https:\/\/www.addtoany.com\/add_to\/telegram?linkurl=https%3A%2F%2Fcassano.lavocedelpaese.info%2Findex.php%2F2023%2F07%2F21%2Fcomune-due-dirigenti-restano-ma-la-del-re-se-ne-e-andata%2F&amp;linkname=Comune%2C%20due%20Dirigenti%20restano%20ma%20la%20Del%20Re%20se%20ne%20%C3%A8%20andata\" title=\"Telegram\" target=\"_blank\" rel=\"noopener\"><\/a><a class=\"a2a_button_email\" href=\"https:\/\/www.addtoany.com\/add_to\/email?linkurl=https%3A%2F%2Fcassano.lavocedelpaese.info%2Findex.php%2F2023%2F07%2F21%2Fcomune-due-dirigenti-restano-ma-la-del-re-se-ne-e-andata%2F&amp;linkname=Comune%2C%20due%20Dirigenti%20restano%20ma%20la%20Del%20Re%20se%20ne%20%C3%A8%20andata\" title=\"Email\" target=\"_blank\" rel=\"noopener\"><\/a><\/p>\n<p>\u00a0<\/p>","protected":false},"excerpt":{"rendered":"<p>\u00a0 \u200b\u00a0 \u200bCassano \u2013 La Voce del Paese\u00a0 Solo 12 ore a settimana e per di pi\u00f9 al di fuori<\/p>\n","protected":false},"author":0,"featured_media":0,"comment_status":"open","ping_status":"closed","sticky":false,"template":"","format":"standard","meta":{"colormag_page_container_layout":"default_layout","colormag_page_sidebar_layout":"default_layout","_monsterinsights_skip_tracking":false,"_monsterinsights_sitenote_active":false,"_monsterinsights_sitenote_note":"","_monsterinsights_sitenote_category":0,"footnotes":""},"categories":[1],"tags":[],"class_list":["post-1772","post","type-post","status-publish","format-standard","hentry","category-uncategorized"],"_links":{"self":[{"href":"https:\/\/noicattaro.lavocedelpaese.info\/index.php\/wp-json\/wp\/v2\/posts\/1772","targetHints":{"allow":["GET"]}}],"collection":[{"href":"https:\/\/noicattaro.lavocedelpaese.info\/index.php\/wp-json\/wp\/v2\/posts"}],"about":[{"href":"https:\/\/noicattaro.lavocedelpaese.info\/index.php\/wp-json\/wp\/v2\/types\/post"}],"replies":[{"embeddable":true,"href":"https:\/\/noicattaro.lavocedelpaese.info\/index.php\/wp-json\/wp\/v2\/comments?post=1772"}],"version-history":[{"count":0,"href":"https:\/\/noicattaro.lavocedelpaese.info\/index.php\/wp-json\/wp\/v2\/posts\/1772\/revisions"}],"wp:attachment":[{"href":"https:\/\/noicattaro.lavocedelpaese.info\/index.php\/wp-json\/wp\/v2\/media?parent=1772"}],"wp:term":[{"taxonomy":"category","embeddable":true,"href":"https:\/\/noicattaro.lavocedelpaese.info\/index.php\/wp-json\/wp\/v2\/categories?post=1772"},{"taxonomy":"post_tag","embeddable":true,"href":"https:\/\/noicattaro.lavocedelpaese.info\/index.php\/wp-json\/wp\/v2\/tags?post=1772"}],"curies":[{"name":"wp","href":"https:\/\/api.w.org\/{rel}","templated":true}]}}