{"id":1794,"date":"2023-07-27T06:27:31","date_gmt":"2023-07-27T06:27:31","guid":{"rendered":"https:\/\/lavocedelpaese.info\/index.php\/2023\/07\/27\/lecce-sacra-e-il-vescovo-oronzo-santo-e-taumaturgo\/"},"modified":"2023-07-27T06:27:31","modified_gmt":"2023-07-27T06:27:31","slug":"lecce-sacra-e-il-vescovo-oronzo-santo-e-taumaturgo","status":"publish","type":"post","link":"https:\/\/noicattaro.lavocedelpaese.info\/index.php\/2023\/07\/27\/lecce-sacra-e-il-vescovo-oronzo-santo-e-taumaturgo\/","title":{"rendered":"\u201cLecce Sacra e il Vescovo Oronzo, Santo e Taumaturgo\u201d"},"content":{"rendered":"<p>\u00a0<\/p>\n<p>\u200b\u00a0<\/p>\n<p>\u200bTuri \u2013 La Voce del Paese\u00a0<\/p>\n<p class=\"has-text-align-center\"><strong>Sabato 29 luglio, sar\u00e0 presentato a Turi l\u2019ultimo saggio dello storiografo Mario Cazzato<\/strong><\/p>\n<p>Sabato 29 luglio, alle ore 21.00, il largo antistante la Chiesa di San Rocco ospiter\u00e0 la manifestazione culturale \u201cLecce Sacra e il Vescovo Oronzo, Santo e Taumaturgo\u201d.<\/p>\n<p>L\u2019appuntamento sar\u00e0 l\u2019occasione per approfondire la conoscenza storico-iconografica del nostro Santo Patrono, partendo dall\u2019ultima pubblicazione dell\u2019architetto e storiografo Mario Cazzato, \u201cLecce Sacra\u201d (edizioni Artwork Cultura), che ripropone l\u2019omonima opera del 1634 di Giulio Cesare Infantino, con la prefazione dall\u2019Arcivescovo di Lecce, Mons. Seccia.<\/p>\n<p>Da programma, dopo i saluti istituzionali del primo cittadino Ippolita Resta, Stefano de Carolis, presidente dell\u2019Associazione Culturale \u201cLa Faldacchea di Turi\u201d, moderer\u00e0 il dialogo tra l\u2019autore e Padre Antonio Calisi, diacono della Chiesa Cattolica di rito Bizantino, docente, teologo e proficuo scrittore.<\/p>\n<p>L\u2019evento, patrocinio gratuitamente dal Comune di Turi, \u00e8 promosso dall\u2019Associazione Culturale \u201cLa Faldacchea di Turi\u201d, con il supporto degli sponsor Farmacia Mastrolonardo, Dolciaria Aurelia, Cristalli di Zucchero e Luciana I dolci.<\/p>\n<div class=\"wp-block-spacer\"><\/div>\n<p><strong>Mario Cazzato<br \/><\/strong>Ha studiato architettura a Roma. Ha pubblicato circa 200 pezzi tra saggi e libri. Dirige alcune collane editoriali. Ha pubblicato con la Zecca dello Stato e con editori nazionali. Del 2015 l\u2019Atlante del Barocco, opera monumentale di circa 900 pagine. \u00c8 considerato il pi\u00f9 importante studioso del barocco pugliese. Attualmente \u00e8 segretario della Societ\u00e0 Storica di Terra d\u2019Otranto.<\/p>\n<p><strong>Antonio Calisi<br \/><\/strong>Diacono della Chiesa cattolica di rito bizantino dell\u2019Eparchia di Lungro (CS) degli Italo-albanesi dell\u2019Italia continentale, vive a Bari, con sua moglie Magda Pacillo, dove insegna Religione Cattolica al Liceo Classico Statale \u201cSocrate\u201d. \u00c8 Dottore in Sacra Teologia, laureato in Scienze Storico-Religiose all\u2019Universit\u00e0 \u201cLa Sapienza\u201d di Roma. Maestro iconografo, dipinge icone secondo la tradizione bizantina che ha appreso dai suoi numerosi viaggi nei monasteri di Russia, Romania, Grecia e Monte Athos.<br \/>Tra le sue pubblicazioni: \u201cI difensori dell\u2019icona\u201d (2017), \u201cPaolo, Apostolo di Cristo\u201d (2018),\u201dMonachesimo e Iconoclastia\u201d (2023), \u201cDivina Commedia e Sacra Scrittura\u201d (2023), \u201cIl Vangelo secondo don Lorenzo Milani\u201d (2023).<\/p>\n<p><a class=\"a2a_button_facebook\" href=\"https:\/\/www.addtoany.com\/add_to\/facebook?linkurl=https%3A%2F%2Fturi.lavocedelpaese.info%2Flecce-sacra-e-il-vescovo-oronzo-santo-e-taumaturgo%2F&amp;linkname=%E2%80%9CLecce%20Sacra%20e%20il%20Vescovo%20Oronzo%2C%20Santo%20e%20Taumaturgo%E2%80%9D\" title=\"Facebook\" target=\"_blank\" rel=\"noopener\"><\/a><a class=\"a2a_button_twitter\" href=\"https:\/\/www.addtoany.com\/add_to\/twitter?linkurl=https%3A%2F%2Fturi.lavocedelpaese.info%2Flecce-sacra-e-il-vescovo-oronzo-santo-e-taumaturgo%2F&amp;linkname=%E2%80%9CLecce%20Sacra%20e%20il%20Vescovo%20Oronzo%2C%20Santo%20e%20Taumaturgo%E2%80%9D\" title=\"Twitter\" target=\"_blank\" rel=\"noopener\"><\/a><a class=\"a2a_button_whatsapp\" href=\"https:\/\/www.addtoany.com\/add_to\/whatsapp?linkurl=https%3A%2F%2Fturi.lavocedelpaese.info%2Flecce-sacra-e-il-vescovo-oronzo-santo-e-taumaturgo%2F&amp;linkname=%E2%80%9CLecce%20Sacra%20e%20il%20Vescovo%20Oronzo%2C%20Santo%20e%20Taumaturgo%E2%80%9D\" title=\"WhatsApp\" target=\"_blank\" rel=\"noopener\"><\/a><a class=\"a2a_button_telegram\" href=\"https:\/\/www.addtoany.com\/add_to\/telegram?linkurl=https%3A%2F%2Fturi.lavocedelpaese.info%2Flecce-sacra-e-il-vescovo-oronzo-santo-e-taumaturgo%2F&amp;linkname=%E2%80%9CLecce%20Sacra%20e%20il%20Vescovo%20Oronzo%2C%20Santo%20e%20Taumaturgo%E2%80%9D\" title=\"Telegram\" target=\"_blank\" rel=\"noopener\"><\/a><a class=\"a2a_button_email\" href=\"https:\/\/www.addtoany.com\/add_to\/email?linkurl=https%3A%2F%2Fturi.lavocedelpaese.info%2Flecce-sacra-e-il-vescovo-oronzo-santo-e-taumaturgo%2F&amp;linkname=%E2%80%9CLecce%20Sacra%20e%20il%20Vescovo%20Oronzo%2C%20Santo%20e%20Taumaturgo%E2%80%9D\" title=\"Email\" target=\"_blank\" rel=\"noopener\"><\/a><\/p>\n<p>\u00a0<\/p>","protected":false},"excerpt":{"rendered":"<p>\u00a0 \u200b\u00a0 \u200bTuri \u2013 La Voce del Paese\u00a0 Sabato 29 luglio, sar\u00e0 presentato a Turi l\u2019ultimo saggio dello storiografo Mario<\/p>\n","protected":false},"author":0,"featured_media":0,"comment_status":"open","ping_status":"closed","sticky":false,"template":"","format":"standard","meta":{"colormag_page_container_layout":"default_layout","colormag_page_sidebar_layout":"default_layout","_monsterinsights_skip_tracking":false,"_monsterinsights_sitenote_active":false,"_monsterinsights_sitenote_note":"","_monsterinsights_sitenote_category":0,"footnotes":""},"categories":[1],"tags":[],"class_list":["post-1794","post","type-post","status-publish","format-standard","hentry","category-uncategorized"],"_links":{"self":[{"href":"https:\/\/noicattaro.lavocedelpaese.info\/index.php\/wp-json\/wp\/v2\/posts\/1794","targetHints":{"allow":["GET"]}}],"collection":[{"href":"https:\/\/noicattaro.lavocedelpaese.info\/index.php\/wp-json\/wp\/v2\/posts"}],"about":[{"href":"https:\/\/noicattaro.lavocedelpaese.info\/index.php\/wp-json\/wp\/v2\/types\/post"}],"replies":[{"embeddable":true,"href":"https:\/\/noicattaro.lavocedelpaese.info\/index.php\/wp-json\/wp\/v2\/comments?post=1794"}],"version-history":[{"count":0,"href":"https:\/\/noicattaro.lavocedelpaese.info\/index.php\/wp-json\/wp\/v2\/posts\/1794\/revisions"}],"wp:attachment":[{"href":"https:\/\/noicattaro.lavocedelpaese.info\/index.php\/wp-json\/wp\/v2\/media?parent=1794"}],"wp:term":[{"taxonomy":"category","embeddable":true,"href":"https:\/\/noicattaro.lavocedelpaese.info\/index.php\/wp-json\/wp\/v2\/categories?post=1794"},{"taxonomy":"post_tag","embeddable":true,"href":"https:\/\/noicattaro.lavocedelpaese.info\/index.php\/wp-json\/wp\/v2\/tags?post=1794"}],"curies":[{"name":"wp","href":"https:\/\/api.w.org\/{rel}","templated":true}]}}