{"id":1799,"date":"2023-07-28T05:14:27","date_gmt":"2023-07-28T05:14:27","guid":{"rendered":"https:\/\/lavocedelpaese.info\/index.php\/2023\/07\/28\/tempo-di-ferie\/"},"modified":"2023-07-28T05:14:27","modified_gmt":"2023-07-28T05:14:27","slug":"tempo-di-ferie","status":"publish","type":"post","link":"https:\/\/noicattaro.lavocedelpaese.info\/index.php\/2023\/07\/28\/tempo-di-ferie\/","title":{"rendered":"Tempo di ferie"},"content":{"rendered":"<p>\u00a0<\/p>\n<p>\u200b\u00a0<\/p>\n<p>\u200bCassano \u2013 La Voce del Paese\u00a0<\/p>\n<h6 class=\"wp-block-heading\"><strong>Che cosa sono le ferie?<\/strong><strong><\/strong><\/h6>\n<p>Sono le giornate libere che spettano ai lavoratori subordinati. Le ferie, sono un diritto fondamentale e irrinunciabile del lavoratore, previsto dalla legge\u00a0e dalla Costituzione.<\/p>\n<p>Le stesse sono assenze retribuite finalizzate al\u00a0recupero psico-fisico\u00a0del lavoratore dipendente, cio\u00e8 che permettono non solo di riposarsi, ma anche di poter \u201crecuperare\u201d i rapporti sociali e familiari e i momenti di svago, in pratica servono a ricarburarsi. Spettano a tutti i lavoratori dipendenti.<\/p>\n<div class=\"wp-block-spacer\"><\/div>\n<h6 class=\"wp-block-heading\"><strong>Quante ferie spettano all\u2019anno?<\/strong><strong><\/strong><\/h6>\n<p>Spettano complessivamente in un anno 4 settimane, cio\u00e8 a 26 giornate, per\u00f2, spettano soltanto ai dipendenti che hanno lavorato per un anno intero, in caso contrario sono proporzionate al periodo di lavoro nell\u2019anno.<\/p>\n<p>Diversi contratti collettivi prevedono un maggior numero di giornate di ferie spettanti: ad esempio, la maggior parte dei contratti collettivi del settore pubblico prevedono 30 o 32 giorni di ferie l\u2019anno.<\/p>\n<div class=\"wp-block-spacer\"><\/div>\n<h6 class=\"wp-block-heading\"><strong>Come maturano le ferie?<\/strong><strong><\/strong><\/h6>\n<p>La maturazione delle ferie avviene in proporzione ai mesi lavorati: in pratica, per ogni mese matura un\u00a0rateo di ferie\u00a0pari a un dodicesimo delle assenze totali che spettano in un anno.<\/p>\n<div class=\"wp-block-spacer\"><\/div>\n<h6 class=\"wp-block-heading\"><strong>Come si conteggiano le ferie durante le assenze?<\/strong><strong><\/strong><\/h6>\n<p>Le ferie continuano a maturare anche durante determinate assenze tutelate dalla legge:<\/p>\n<p>malattia e infortunio sul lavoro per il periodo di comporto;<\/p>\n<p>astensione obbligatoria per maternit\u00e0 (2 mesi prima del parto e 3 mesi dopo, o, con la flessibilit\u00e0, 1 mese prima del parto e 4 mesi dopo; se \u00e8 stata prevista l\u2019astensione anticipata dall\u2019Ispettorato del lavoro, le ferie spettano anche durante il maggior periodo di astensione, perch\u00e9 \u00e8 comunque obbligatoria);<\/p>\n<p>permessi retribuiti, come, ad esempio, quelli per l\u2019assistenza di un familiare portatore di handicap grave (cosiddetti permessi Legge 104), o il congedo matrimoniale;<\/p>\n<p>assenza per lo svolgimento di funzioni presso i seggi elettorali.<\/p>\n<p>Non maturano le ferie, invece, durante le seguenti assenze:<\/p>\n<p>congedo parentale;<\/p>\n<p>assenza per malattia del bambino;<\/p>\n<p>aspettativa per i lavoratori chiamati a ricoprire cariche pubbliche elettive o funzioni sindacali;<\/p>\n<p>cassaintegrazione a zero ore;<\/p>\n<p>congedo straordinario per l\u2019assistenza di familiari disabili (nonostante sia retribuito);<\/p>\n<p>altre tipologie di assenze non retribuite.<\/p>\n<div class=\"wp-block-spacer\"><\/div>\n<h6 class=\"wp-block-heading\"><strong>Che cosa succede se il lavoratore in ferie si ammala?<\/strong><\/h6>\n<p>La\u00a0malattia\u00a0che si verifica durante le ferie ne interrompe il godimento. La sospensione delle ferie \u00e8 valida a partire dal momento in cui il datore di lavoro viene a conoscenza della malattia in base a quanto comunicato dal dipendente.<\/p>\n<div class=\"wp-block-spacer\"><\/div>\n<h6 class=\"wp-block-heading\"><strong>Come devono essere smaltite le ferie?<\/strong><strong><\/strong><\/h6>\n<p>La legge dispone il godimento delle ferie, durante l\u2019anno di maturazione, in misura pari ad almeno\u00a02 settimane, possibilmente consecutive; le rimanenti 2 settimane devono essere godute nei 18 mesi successivi all\u2019anno di maturazione.<\/p>\n<div class=\"wp-block-spacer\"><\/div>\n<h6 class=\"wp-block-heading\"><strong>Le ferie non godute possono essere liquidate in busta paga?<\/strong><strong><\/strong><\/h6>\n<p>La normativa stabilisce che\u00a0le ferie non possono essere monetizzate, cio\u00e8 che non possono essere sostituite da un\u2019indennit\u00e0, e che qualsiasi accordo che prevede un\u2019indennit\u00e0 al posto della loro fruizione \u00e8 nullo.<\/p>\n<p>Vi sono, comunque, alcuni casi eccezionali nei quali \u00e8 possibile erogare un\u2019indennit\u00e0 al posto delle ferie. Le ipotesi, nello specifico, sono:<\/p>\n<p>cessazione del contratto di lavoro: pagamento delle ferie residue maturate e non godute;<\/p>\n<p>periodi aggiuntivi rispetto alle 4 settimane minime, in quanto si tratta di periodi extra rispetto a quelli previsti dalla legge;<\/p>\n<p>mancata fruizione per esigenze aziendali, con impossibilit\u00e0 di successivo godimento in altro momento;<\/p>\n<p>invio del lavoratore all\u2019estero con rinegoziazione delle condizioni contrattuali.<\/p>\n<div class=\"wp-block-spacer\"><\/div>\n<h6 class=\"wp-block-heading\"><strong>Le ferie non godute si prescrivono?<\/strong><\/h6>\n<p>Le ferie, essendo un diritto irrinunciabile, non si prescrivono: ci\u00f2 che si prescrive \u00e8 l\u2019indennit\u00e0 prevista per il loro mancato godimento.<\/p>\n<p>Non avendo questa indennit\u00e0 la natura di retribuzione, ma di risarcimento, il termine di prescrizione \u00e8 di 10 anni, ma parte dal momento in cui sarebbe dovuto avvenire il pagamento, e non dal momento di maturazione delle ferie.<\/p>\n<p>Auguro buone ferie a tutti i lavoratori dipendenti\u2026..e anche ai lavoratori autonomi, che pur non avendo diritto, spero possano ritagliare qualche giorno di riposo\/ferie.<\/p>\n<p class=\"has-text-align-right\"><strong><em>CdL Massimo Arganese<\/em><br \/><em>Studio Arganese &amp; Partners<\/em><\/strong><\/p>\n<p><a class=\"a2a_button_facebook\" href=\"https:\/\/www.addtoany.com\/add_to\/facebook?linkurl=https%3A%2F%2Fcassano.lavocedelpaese.info%2Findex.php%2F2023%2F07%2F28%2Ftempo-di-ferie%2F&amp;linkname=Tempo%20di%20ferie\" title=\"Facebook\" target=\"_blank\" rel=\"noopener\"><\/a><a class=\"a2a_button_twitter\" href=\"https:\/\/www.addtoany.com\/add_to\/twitter?linkurl=https%3A%2F%2Fcassano.lavocedelpaese.info%2Findex.php%2F2023%2F07%2F28%2Ftempo-di-ferie%2F&amp;linkname=Tempo%20di%20ferie\" title=\"Twitter\" target=\"_blank\" rel=\"noopener\"><\/a><a class=\"a2a_button_whatsapp\" href=\"https:\/\/www.addtoany.com\/add_to\/whatsapp?linkurl=https%3A%2F%2Fcassano.lavocedelpaese.info%2Findex.php%2F2023%2F07%2F28%2Ftempo-di-ferie%2F&amp;linkname=Tempo%20di%20ferie\" title=\"WhatsApp\" target=\"_blank\" rel=\"noopener\"><\/a><a class=\"a2a_button_telegram\" href=\"https:\/\/www.addtoany.com\/add_to\/telegram?linkurl=https%3A%2F%2Fcassano.lavocedelpaese.info%2Findex.php%2F2023%2F07%2F28%2Ftempo-di-ferie%2F&amp;linkname=Tempo%20di%20ferie\" title=\"Telegram\" target=\"_blank\" rel=\"noopener\"><\/a><a class=\"a2a_button_email\" href=\"https:\/\/www.addtoany.com\/add_to\/email?linkurl=https%3A%2F%2Fcassano.lavocedelpaese.info%2Findex.php%2F2023%2F07%2F28%2Ftempo-di-ferie%2F&amp;linkname=Tempo%20di%20ferie\" title=\"Email\" target=\"_blank\" rel=\"noopener\"><\/a><\/p>\n<p>\u00a0<\/p>","protected":false},"excerpt":{"rendered":"<p>\u00a0 \u200b\u00a0 \u200bCassano \u2013 La Voce del Paese\u00a0 Che cosa sono le ferie? Sono le giornate libere che spettano ai<\/p>\n","protected":false},"author":0,"featured_media":0,"comment_status":"open","ping_status":"closed","sticky":false,"template":"","format":"standard","meta":{"colormag_page_container_layout":"default_layout","colormag_page_sidebar_layout":"default_layout","_monsterinsights_skip_tracking":false,"_monsterinsights_sitenote_active":false,"_monsterinsights_sitenote_note":"","_monsterinsights_sitenote_category":0,"footnotes":""},"categories":[1],"tags":[],"class_list":["post-1799","post","type-post","status-publish","format-standard","hentry","category-uncategorized"],"_links":{"self":[{"href":"https:\/\/noicattaro.lavocedelpaese.info\/index.php\/wp-json\/wp\/v2\/posts\/1799","targetHints":{"allow":["GET"]}}],"collection":[{"href":"https:\/\/noicattaro.lavocedelpaese.info\/index.php\/wp-json\/wp\/v2\/posts"}],"about":[{"href":"https:\/\/noicattaro.lavocedelpaese.info\/index.php\/wp-json\/wp\/v2\/types\/post"}],"replies":[{"embeddable":true,"href":"https:\/\/noicattaro.lavocedelpaese.info\/index.php\/wp-json\/wp\/v2\/comments?post=1799"}],"version-history":[{"count":0,"href":"https:\/\/noicattaro.lavocedelpaese.info\/index.php\/wp-json\/wp\/v2\/posts\/1799\/revisions"}],"wp:attachment":[{"href":"https:\/\/noicattaro.lavocedelpaese.info\/index.php\/wp-json\/wp\/v2\/media?parent=1799"}],"wp:term":[{"taxonomy":"category","embeddable":true,"href":"https:\/\/noicattaro.lavocedelpaese.info\/index.php\/wp-json\/wp\/v2\/categories?post=1799"},{"taxonomy":"post_tag","embeddable":true,"href":"https:\/\/noicattaro.lavocedelpaese.info\/index.php\/wp-json\/wp\/v2\/tags?post=1799"}],"curies":[{"name":"wp","href":"https:\/\/api.w.org\/{rel}","templated":true}]}}