{"id":1811,"date":"2023-07-31T00:25:51","date_gmt":"2023-07-31T00:25:51","guid":{"rendered":"https:\/\/lavocedelpaese.info\/index.php\/2023\/07\/31\/biblioteca-comunale-mozione-del-pd-per-lorganizzazione-della-riapertura\/"},"modified":"2023-07-31T00:25:51","modified_gmt":"2023-07-31T00:25:51","slug":"biblioteca-comunale-mozione-del-pd-per-lorganizzazione-della-riapertura","status":"publish","type":"post","link":"https:\/\/noicattaro.lavocedelpaese.info\/index.php\/2023\/07\/31\/biblioteca-comunale-mozione-del-pd-per-lorganizzazione-della-riapertura\/","title":{"rendered":"Biblioteca comunale. Mozione del PD per l\u2019organizzazione della riapertura"},"content":{"rendered":"<p>\u00a0<\/p>\n<p>\u200b\u00a0<\/p>\n<p>\u200bGioia \u2013 La Voce del Paese\u00a0<\/p>\n<p><strong>\u201cPREMESSO CHE<\/strong><\/p>\n<p>La sede della Biblioteca Comunale Don Vincenzo Angelilli di Gioia del Colle \u00e8 chiusa dal 2017 per lavori di recupero dell\u2019ex Scuola Media F.P. Losapio dove la biblioteca attende di essere trasferita\u00a0 grazie al finanziamento assegnato in seguito alla partecipazione all\u2019Avviso Pubblico SMART-IN Puglia \u201cCommunity Library\u201d accordato al Comune di Gioia del Colle.<\/p>\n<p>I lavori di recupero della struttura risultano conclusi\u2026<\/p>\n<p>Ad oggi, ai consiglieri non \u00e8 stato fornito alcun materiale che consentisse una lettura trasparente del percorso che si intende intraprendere circa la riapertura e la gestione della biblioteca nella nuova forma della Community Library; si \u00e8 chiesto se il progetto fosse stato preceduto da una rilevazione dei bisogni (degli utenti e degli erogatori del servizio) ma, ad oggi, non risulta che tale rilevazione sia stata eseguita, pertanto si desume che una analisi successiva non esista; al contrario, non \u00e8 emerso un autentico progetto di fruizione della biblioteca, che rischia di essere limitata negli orari a causa della carenza di personale, con l\u2019inevitabile conseguenza di una riduzione sempre maggiore del servizio, prima dal punto di vista quantitativo poi, inevitabilmente, dal punto di vista qualitativo;<\/p>\n<p>Da un confronto con le attivit\u00e0 previste e svolte dalle numerose Community Library sorte in Puglia negli ultimi anni non vi sono i presupposti che la biblioteca, che non deve pi\u00f9 intendersi come mero servizio di prestito,\u00a0 diventi un autentico luogo, moderno e multimediale, di fruizione e diffusione di cultura, di incontro, di aggregazione, di studio condiviso degli studenti della Scuola e dell\u2019Universit\u00e0 nelle ore pomeridiane<\/p>\n<p><strong>\u00a0TENUTO CONTO CHE<\/strong><\/p>\n<p>Le finalit\u00e0 dell\u2019avviso pubblico SMART-IN Puglia \u201cCommunity Library\u201d, vinto dal Comune di Gioia del Colle per la realizzazione della Community Library sono:<\/p>\n<p><em>promuovere progetti di Community Library, Biblioteca di Comunit\u00e0, quale modello evoluto di biblioteca in grado di offrire servizi innovativi per la promozione della lettura e della cultura e di costituire un presidio di partecipazione e coesione culturale della comunit\u00e0.<\/em><\/p>\n<p><em>qualificare le biblioteche (con particolare riguardo alle biblioteche centrali e dipartimentali universitarie pubbliche, alle biblioteche scolastiche pubbliche e comunali) attraverso l\u2019allestimento di spazi idonei e l\u2019acquisizione di strumentazioni e tecnologie avanzate, per innovare ed incrementare in modo permanente l\u2019offerta di nuovi prodotti e servizi di fruizione culturale pubblica. I progetti, inoltre, dovranno caratterizzarsi per l\u2019adozione di modelli di gestione sostenibili ed innovativi, basati anche sul coinvolgimento di istituzioni culturali e scientifiche, associazioni culturali ed altri partner rilevanti nei campi dell\u2019innovazione, della cultura e del territorio.<\/em><\/p>\n<p>Il Manifesto IFLA (International Federation of Library Associations and Institutions)\/Unesco sulle biblioteche pubbliche recita, tra le altre cose, che<em> La biblioteca pubblica, via di accesso locale alla conoscenza, costituisce una condizione essenziale per l\u2019apprendimento permanente, l\u2019indipendenza nelle decisioni, lo sviluppo culturale dell\u2019individuo e dei gruppi sociali. Questo Manifesto dichiara la fede dell\u2019Unesco nella biblioteca pubblica come forza vitale per l\u2019istruzione, la cultura e l\u2019informazione e come agente indispensabile per promuovere la pace e il benessere spirituale delle menti di uomini e donne.\u201d<\/em><\/p>\n<p>L\u2019agenda ONU 2030 indica come obiettivo primario l\u2019istruzione di qualit\u00e0, alla cui realizzazione, unitamente al ruolo della Scuola, concorrono altri agenti educativi e formativi, prime tra tutte le biblioteche, attraverso progetti di collaborazione con il corpo insegnante;<\/p>\n<p>IFLA dichiara che le biblioteche sono istituzioni-chiave nel percorso per il perseguimento degli Obiettivi, e ci\u00f2 dimostra altres\u00ec il ruolo essenziale che esse rivestono per il miglioramento della vita delle persone;<\/p>\n<p>La realizzazione della proposta ministeriale dei patti educativi di territorio richieder\u00e0 sinergie tra scuole, biblioteche, altri soggetti culturali, implicando la necessit\u00e0 per tutti questi soggetti di aprirsi a funzioni e servizi nuovi e ulteriori rispetto a quelli strettamente istituzionali;<\/p>\n<p><strong>CONSTATATO CHE<\/strong><\/p>\n<p>Il percorso di gestione che codesta Amministrazione ha annunciato di voler intraprendere non corrisponde n\u00e9 alle premesse fatte in sede di partecipazione all\u2019ottenimento del finanziamento, n\u00e9 agli obiettivi \u00a0della Biblioteca di Comunit\u00e0, n\u00e9 alle aspettative create da ormai anni di attesa di una riapertura del servizio n\u00e9, infine, alla concreta ed auspicabile possibilit\u00e0 di assunzione di nuovo personale, sia sotto il profilo normativo che sotto il profilo delle risorse economiche a disposizione, dal momento che non risulta essere stata messa a bilancio nessuna voce in tal senso;<\/p>\n<p><strong>RITENUTO CHE<\/strong><\/p>\n<p>La biblioteca di comunit\u00e0, al contrario, merita una ponderata pianificazione delle attivit\u00e0 per il futuro che amplifichi e implementi il ruolo svolto di presidio di socialit\u00e0 e luoghi del sapere, che sostenga la professionalit\u00e0 e aggiorni la formazione dei lavoratori e delle lavoratrici dell\u2019ambito scolastico e non solo, che garantisca a tutte e tutti l\u2019accesso libero e uguale alla cultura, che offra strumenti e risorse per la comprensione delle diverse culture, lo sviluppo della creativit\u00e0 e della personalit\u00e0, \u00a0favorendo l\u2019inclusione sociale delle ormai numerose comunit\u00e0 etniche presenti sul nostro territorio e puntando sulla creazione di una rete con altre biblioteche gi\u00e0 da tempo presenti nelle citt\u00e0 limitrofe.<\/p>\n<p><strong>I CONSIGLIERI DEL PD IMPEGNANO IL SINDACO E LA GIUNTA A<\/strong>\u00a0<\/p>\n<p>avviare un percorso aperto alla partecipazione delle cittadine e dei cittadini e delle associazioni culturali interessate, delle scuole del territorio, del personale addetto e delle forze politiche, con lo scopo di ridisegnare un progetto di sistema bibliotecario coerente con le premesse sopra accennate;<\/p>\n<p>prevedere una somma di bilancio adeguata e indire concorsi pubblici per l\u2019assunzione di personale giovane e qualificato, in grado di garantire un adeguato turnover di personale archivistico e bibliotecario e la loro costante formazione, in ottica di valorizzazione del servizio e del ruolo dei dipendenti pubblici quali aggregatori sociali;<\/p>\n<p>potenziare il servizio bibliotecario, rispetto a quanto dichiarato, con un prolungamento dell\u2019orario di apertura e, quindi, di fruizione del servizio;<\/p>\n<p>avviare una discussione approfondita \u2013 nell\u2019ambito del percorso partecipato \u2013 sulle future modalit\u00e0 di gestione del servizio bibliotecario;<\/p>\n<p>prevedere risorse adeguate alla conservazione e digitalizzazione del patrimonio archivistico comunale, anche attraverso l\u2019individuazione e l\u2019assunzione delle figure professionali necessarie\u201d.<\/p>\n<p class=\"has-text-align-right\"><strong>Pd sede di Gioia del Colle<\/strong><\/p>\n<p><a class=\"a2a_button_facebook\" href=\"https:\/\/www.addtoany.com\/add_to\/facebook?linkurl=https%3A%2F%2Fgioia.lavocedelpaese.info%2Findex.php%2F2023%2F07%2F30%2Fbiblioteca-comunale-mozione-del-pd-per-lorganizzazione-della-riapertura%2F&amp;linkname=Biblioteca%20comunale.%20Mozione%20del%20PD%20per%20l%E2%80%99organizzazione%20della%20riapertura\" title=\"Facebook\" target=\"_blank\" rel=\"noopener\"><\/a><a class=\"a2a_button_twitter\" href=\"https:\/\/www.addtoany.com\/add_to\/twitter?linkurl=https%3A%2F%2Fgioia.lavocedelpaese.info%2Findex.php%2F2023%2F07%2F30%2Fbiblioteca-comunale-mozione-del-pd-per-lorganizzazione-della-riapertura%2F&amp;linkname=Biblioteca%20comunale.%20Mozione%20del%20PD%20per%20l%E2%80%99organizzazione%20della%20riapertura\" title=\"Twitter\" target=\"_blank\" rel=\"noopener\"><\/a><a class=\"a2a_button_whatsapp\" href=\"https:\/\/www.addtoany.com\/add_to\/whatsapp?linkurl=https%3A%2F%2Fgioia.lavocedelpaese.info%2Findex.php%2F2023%2F07%2F30%2Fbiblioteca-comunale-mozione-del-pd-per-lorganizzazione-della-riapertura%2F&amp;linkname=Biblioteca%20comunale.%20Mozione%20del%20PD%20per%20l%E2%80%99organizzazione%20della%20riapertura\" title=\"WhatsApp\" target=\"_blank\" rel=\"noopener\"><\/a><a class=\"a2a_button_telegram\" href=\"https:\/\/www.addtoany.com\/add_to\/telegram?linkurl=https%3A%2F%2Fgioia.lavocedelpaese.info%2Findex.php%2F2023%2F07%2F30%2Fbiblioteca-comunale-mozione-del-pd-per-lorganizzazione-della-riapertura%2F&amp;linkname=Biblioteca%20comunale.%20Mozione%20del%20PD%20per%20l%E2%80%99organizzazione%20della%20riapertura\" title=\"Telegram\" target=\"_blank\" rel=\"noopener\"><\/a><a class=\"a2a_button_email\" href=\"https:\/\/www.addtoany.com\/add_to\/email?linkurl=https%3A%2F%2Fgioia.lavocedelpaese.info%2Findex.php%2F2023%2F07%2F30%2Fbiblioteca-comunale-mozione-del-pd-per-lorganizzazione-della-riapertura%2F&amp;linkname=Biblioteca%20comunale.%20Mozione%20del%20PD%20per%20l%E2%80%99organizzazione%20della%20riapertura\" title=\"Email\" target=\"_blank\" rel=\"noopener\"><\/a><\/p>\n<p>\u00a0<\/p>","protected":false},"excerpt":{"rendered":"<p>\u00a0 \u200b\u00a0 \u200bGioia \u2013 La Voce del Paese\u00a0 \u201cPREMESSO CHE La sede della Biblioteca Comunale Don Vincenzo Angelilli di Gioia<\/p>\n","protected":false},"author":0,"featured_media":0,"comment_status":"open","ping_status":"closed","sticky":false,"template":"","format":"standard","meta":{"colormag_page_container_layout":"default_layout","colormag_page_sidebar_layout":"default_layout","_monsterinsights_skip_tracking":false,"_monsterinsights_sitenote_active":false,"_monsterinsights_sitenote_note":"","_monsterinsights_sitenote_category":0,"footnotes":""},"categories":[1],"tags":[],"class_list":["post-1811","post","type-post","status-publish","format-standard","hentry","category-uncategorized"],"_links":{"self":[{"href":"https:\/\/noicattaro.lavocedelpaese.info\/index.php\/wp-json\/wp\/v2\/posts\/1811","targetHints":{"allow":["GET"]}}],"collection":[{"href":"https:\/\/noicattaro.lavocedelpaese.info\/index.php\/wp-json\/wp\/v2\/posts"}],"about":[{"href":"https:\/\/noicattaro.lavocedelpaese.info\/index.php\/wp-json\/wp\/v2\/types\/post"}],"replies":[{"embeddable":true,"href":"https:\/\/noicattaro.lavocedelpaese.info\/index.php\/wp-json\/wp\/v2\/comments?post=1811"}],"version-history":[{"count":0,"href":"https:\/\/noicattaro.lavocedelpaese.info\/index.php\/wp-json\/wp\/v2\/posts\/1811\/revisions"}],"wp:attachment":[{"href":"https:\/\/noicattaro.lavocedelpaese.info\/index.php\/wp-json\/wp\/v2\/media?parent=1811"}],"wp:term":[{"taxonomy":"category","embeddable":true,"href":"https:\/\/noicattaro.lavocedelpaese.info\/index.php\/wp-json\/wp\/v2\/categories?post=1811"},{"taxonomy":"post_tag","embeddable":true,"href":"https:\/\/noicattaro.lavocedelpaese.info\/index.php\/wp-json\/wp\/v2\/tags?post=1811"}],"curies":[{"name":"wp","href":"https:\/\/api.w.org\/{rel}","templated":true}]}}