{"id":1814,"date":"2023-07-31T06:22:19","date_gmt":"2023-07-31T06:22:19","guid":{"rendered":"https:\/\/lavocedelpaese.info\/index.php\/2023\/07\/31\/patto-di-gemellaggio-tra-cassano-e-muhlenbecker-land-stasera-la-firma\/"},"modified":"2023-07-31T06:22:19","modified_gmt":"2023-07-31T06:22:19","slug":"patto-di-gemellaggio-tra-cassano-e-muhlenbecker-land-stasera-la-firma","status":"publish","type":"post","link":"https:\/\/noicattaro.lavocedelpaese.info\/index.php\/2023\/07\/31\/patto-di-gemellaggio-tra-cassano-e-muhlenbecker-land-stasera-la-firma\/","title":{"rendered":"Patto di gemellaggio tra Cassano e M\u00fchlenbecker Land: stasera la firma"},"content":{"rendered":"<p>\u00a0<\/p>\n<p>\u200b\u00a0<\/p>\n<p>\u200bCassano \u2013 La Voce del Paese\u00a0<\/p>\n<p>Sar\u00e0 firmato questa sera in piazza Moro, alle 19.30 il Patto di Gemellaggio tra il Comune di Cassano delle Murge e quello tedesco di M\u00fchlenbecker Land. Folta la delegazione germanica giunta ieri a Cassano, con a capo il Borgomastro Filippo Smaldino, cassanese d\u2019origine: il pap\u00e0 si trasfer\u00ec in Germania nel 1953 senza mai perdere i contatti con il paese natio.<\/p>\n<p>Con lui <strong>un coro composto da 45 elementi di cui 18 ragazzi ucraini, tutti ospitati dalle famiglie cassanesi. <\/strong>Ad accoglierla il Sindaco Davide Del Re e l\u2019Amministrazione Comunale che molto si \u00e8 spesa per l\u2019attivazione del gemellaggio, siglato qualche mese fa, in occasione della seconda visita ufficiale della delegazione di Cassano delle Murge, nel corso del ricevimento ufficiale alla presenza della Consigliera dell\u2018Ambasciata Italiana.<\/p>\n<p>\u201c<em>Il valore dell\u2018unit\u00e0 europea<\/em><em>\u00a0<strong>\u2013<\/strong><\/em><strong>ha dichiarato il Sindaco Del Re \u2013\u00a0<\/strong><em>per noi e per le generazioni future \u00e8 il fondamento di questo gemellaggio, che rappresenta un\u2018opportunit\u00e0 per rafforzare i legami e favorire la crescita dei nostri ragazzi. Dall\u2019anno prossimo cominceranno gli scambi culturali con i ragazzi del nostro Liceo che andranno in Germania per studiare, e potranno conoscere e confrontarsi con i loro coetanei\u201d.<\/em><em>\u00a0 <\/em><strong><\/strong><\/p>\n<p><strong>M\u00fchlenbecker Land \u00e8 un comune di circa 15mila abitanti: si trova nel Brandeburgo<\/strong><strong>, <\/strong>a nord con Berlino. M\u00fchlenbecker Land prende il nome da M\u00fchlnebeck, attuale frazione, dove si trova un antico mulino ad acqua (Wasserm\u00fchle) costruito tra il 1224 e il 1234 ed utilizzato per oltre 700 anni fino al 1973.\u00a0<\/p>\n<p><a class=\"a2a_button_facebook\" href=\"https:\/\/www.addtoany.com\/add_to\/facebook?linkurl=https%3A%2F%2Fcassano.lavocedelpaese.info%2Findex.php%2F2023%2F07%2F31%2Fpatto-di-gemellaggio-tra-cassano-e-muhlenbecker-land-stasera-la-firma%2F&amp;linkname=Patto%20di%20gemellaggio%20tra%20Cassano%20e%20M%C3%BChlenbecker%20Land%3A%20stasera%20la%20firma\" title=\"Facebook\" target=\"_blank\" rel=\"noopener\"><\/a><a class=\"a2a_button_twitter\" href=\"https:\/\/www.addtoany.com\/add_to\/twitter?linkurl=https%3A%2F%2Fcassano.lavocedelpaese.info%2Findex.php%2F2023%2F07%2F31%2Fpatto-di-gemellaggio-tra-cassano-e-muhlenbecker-land-stasera-la-firma%2F&amp;linkname=Patto%20di%20gemellaggio%20tra%20Cassano%20e%20M%C3%BChlenbecker%20Land%3A%20stasera%20la%20firma\" title=\"Twitter\" target=\"_blank\" rel=\"noopener\"><\/a><a class=\"a2a_button_whatsapp\" href=\"https:\/\/www.addtoany.com\/add_to\/whatsapp?linkurl=https%3A%2F%2Fcassano.lavocedelpaese.info%2Findex.php%2F2023%2F07%2F31%2Fpatto-di-gemellaggio-tra-cassano-e-muhlenbecker-land-stasera-la-firma%2F&amp;linkname=Patto%20di%20gemellaggio%20tra%20Cassano%20e%20M%C3%BChlenbecker%20Land%3A%20stasera%20la%20firma\" title=\"WhatsApp\" target=\"_blank\" rel=\"noopener\"><\/a><a class=\"a2a_button_telegram\" href=\"https:\/\/www.addtoany.com\/add_to\/telegram?linkurl=https%3A%2F%2Fcassano.lavocedelpaese.info%2Findex.php%2F2023%2F07%2F31%2Fpatto-di-gemellaggio-tra-cassano-e-muhlenbecker-land-stasera-la-firma%2F&amp;linkname=Patto%20di%20gemellaggio%20tra%20Cassano%20e%20M%C3%BChlenbecker%20Land%3A%20stasera%20la%20firma\" title=\"Telegram\" target=\"_blank\" rel=\"noopener\"><\/a><a class=\"a2a_button_email\" href=\"https:\/\/www.addtoany.com\/add_to\/email?linkurl=https%3A%2F%2Fcassano.lavocedelpaese.info%2Findex.php%2F2023%2F07%2F31%2Fpatto-di-gemellaggio-tra-cassano-e-muhlenbecker-land-stasera-la-firma%2F&amp;linkname=Patto%20di%20gemellaggio%20tra%20Cassano%20e%20M%C3%BChlenbecker%20Land%3A%20stasera%20la%20firma\" title=\"Email\" target=\"_blank\" rel=\"noopener\"><\/a><\/p>\n<p>\u00a0<\/p>","protected":false},"excerpt":{"rendered":"<p>\u00a0 \u200b\u00a0 \u200bCassano \u2013 La Voce del Paese\u00a0 Sar\u00e0 firmato questa sera in piazza Moro, alle 19.30 il Patto di<\/p>\n","protected":false},"author":0,"featured_media":0,"comment_status":"open","ping_status":"closed","sticky":false,"template":"","format":"standard","meta":{"colormag_page_container_layout":"default_layout","colormag_page_sidebar_layout":"default_layout","_monsterinsights_skip_tracking":false,"_monsterinsights_sitenote_active":false,"_monsterinsights_sitenote_note":"","_monsterinsights_sitenote_category":0,"footnotes":""},"categories":[1],"tags":[],"class_list":["post-1814","post","type-post","status-publish","format-standard","hentry","category-uncategorized"],"_links":{"self":[{"href":"https:\/\/noicattaro.lavocedelpaese.info\/index.php\/wp-json\/wp\/v2\/posts\/1814","targetHints":{"allow":["GET"]}}],"collection":[{"href":"https:\/\/noicattaro.lavocedelpaese.info\/index.php\/wp-json\/wp\/v2\/posts"}],"about":[{"href":"https:\/\/noicattaro.lavocedelpaese.info\/index.php\/wp-json\/wp\/v2\/types\/post"}],"replies":[{"embeddable":true,"href":"https:\/\/noicattaro.lavocedelpaese.info\/index.php\/wp-json\/wp\/v2\/comments?post=1814"}],"version-history":[{"count":0,"href":"https:\/\/noicattaro.lavocedelpaese.info\/index.php\/wp-json\/wp\/v2\/posts\/1814\/revisions"}],"wp:attachment":[{"href":"https:\/\/noicattaro.lavocedelpaese.info\/index.php\/wp-json\/wp\/v2\/media?parent=1814"}],"wp:term":[{"taxonomy":"category","embeddable":true,"href":"https:\/\/noicattaro.lavocedelpaese.info\/index.php\/wp-json\/wp\/v2\/categories?post=1814"},{"taxonomy":"post_tag","embeddable":true,"href":"https:\/\/noicattaro.lavocedelpaese.info\/index.php\/wp-json\/wp\/v2\/tags?post=1814"}],"curies":[{"name":"wp","href":"https:\/\/api.w.org\/{rel}","templated":true}]}}