{"id":1823,"date":"2023-08-01T18:14:04","date_gmt":"2023-08-01T18:14:04","guid":{"rendered":"https:\/\/lavocedelpaese.info\/index.php\/2023\/08\/01\/pnrr-fitto-smentisce-nessun-taglio-ai-comuni\/"},"modified":"2023-08-01T18:14:04","modified_gmt":"2023-08-01T18:14:04","slug":"pnrr-fitto-smentisce-nessun-taglio-ai-comuni","status":"publish","type":"post","link":"https:\/\/noicattaro.lavocedelpaese.info\/index.php\/2023\/08\/01\/pnrr-fitto-smentisce-nessun-taglio-ai-comuni\/","title":{"rendered":"PNRR, Fitto smentisce: nessun taglio ai Comuni"},"content":{"rendered":"<p>\u00a0<\/p>\n<p>\u200b\u00a0<\/p>\n<p>\u200bCassano \u2013 La Voce del Paese\u00a0<\/p>\n<p>Non ci saranno n\u00e9 potranno esserci tagli per i Comuni sul PNRR, sui progetti gi\u00e0 finanziati.<\/p>\n<p>A dirlo, questa mattina alla Camera dei Deputati, <strong>il Ministro Raffaele Fitto <\/strong>che in un lungo intervento ha respinto le accuse in merito al definanziamento di alcuni progetti per complessivi 16 miliardi dei quali circa 137 milioni di euro destinati a progetti della Citt\u00e0 Metropolitana di Bari.<\/p>\n<p>Fra i progetti che secondo le opposizioni parlamentari Pd e M5S <strong>sarebbero a rischio, anche uno che riguarda Cassano delle Murge ovvero 2 milioni di euro<\/strong> per il rifacimento del basolato e l\u2019ammodernamento di una ampia porzione del centro storico del paese.<\/p>\n<p>\u201cG<em>li interventi restano garantiti nel loro finanziamento \u2013 <\/em>ha detto invece Fitto ai parlamentari \u2013 <em>gli interventi previsti all\u2019interno del PNRR vanno avanti regolarmente, non c\u2019\u00e8 nessuna interruzione rispetto a tutto ci\u00f2 che \u00e8 previsto\u201d.<\/em><\/p>\n<p>Fitto, sostanzialmente, ha rivendicato il lavoro del Governo a livello interministeriale per far s\u00ec che vengano allineati criteri di rendicontazione dei finanziamenti che avrebbero, invece, messo a rischio quei progetti quando sarebbe stato troppo tardi: molti di essi, infatti, rivengono da precedenti misure degli anni passati che hanno criteri di finanziamento e dunque di rendicontazione molto diversi da quelli previsti dal PNRR all\u2019interno del quale sono stati inseriti dai governi precedenti e che avrebbero creato problemi nei mesi a venire.<\/p>\n<p>Secondo il Ministro per gli Affari europei, invece, in questo modo la linearit\u00e0 \u00e8 garantita tanto da essere stata approvata anche dalla Commissione Europea che ha erogata la terza rata del PNRR e si accinge a valutare la quarta.<\/p>\n<p>\u201cSaranno individuate diverse fonti di finanziamento \u2013 ha concluso Fitto \u2013 per realizzare anche quella complementariet\u00e0 tra PNRR, risorse europee e nazionali cosi come pi\u00f9 volte richiesto dalla stessa Unione Europea\u201d..<\/p>\n<p>Le opposizioni parlamentari, per\u00f2, restano convinte dei tagli effettuati che sacrificheranno tanti progetti soprattutto al Sud.<\/p>\n<p><em>\u201cNon c\u2019\u00e8 peggior sordo di chi non vuol sentire. Eppure il ministro Fitto nella sua informativa di oggi in Parlamento \u00e8 stato chiaro, preciso e puntuale. Nessun euro del Pnrr \u00e8 andato perduto. Anzi, l\u2019Italia pu\u00f2 vantare un ottimo rapporto con le istituzioni europee e l\u2019ok della Commissione Ue alla terza e alla quarta rata del piano ne sono una conferma\u201d.<\/em><\/p>\n<p>Lo dichiara in una nota il <strong>senatore di Fratelli d\u2019Italia Ignazio Zullo.<\/strong><\/p>\n<p>Secondo Zullo \u201c<em>questo risultato \u00e8 frutto del costante coordinamento e del dialogo instaurato tra Roma e Bruxelles. Nessun intervento verr\u00e0 definanziato, l\u2019Italia porter\u00e0 a casa il risultato con responsabilit\u00e0 e impegno come ha sempre fatto in questi mesi\u201d.<\/em><\/p>\n<p><a class=\"a2a_button_facebook\" href=\"https:\/\/www.addtoany.com\/add_to\/facebook?linkurl=https%3A%2F%2Fcassano.lavocedelpaese.info%2Findex.php%2F2023%2F08%2F01%2Fpnrr-fitto-smentisce-nessun-taglio-ai-comuni%2F&amp;linkname=PNRR%2C%20Fitto%20smentisce%3A%20nessun%20taglio%20ai%20Comuni\" title=\"Facebook\" target=\"_blank\" rel=\"noopener\"><\/a><a class=\"a2a_button_twitter\" href=\"https:\/\/www.addtoany.com\/add_to\/twitter?linkurl=https%3A%2F%2Fcassano.lavocedelpaese.info%2Findex.php%2F2023%2F08%2F01%2Fpnrr-fitto-smentisce-nessun-taglio-ai-comuni%2F&amp;linkname=PNRR%2C%20Fitto%20smentisce%3A%20nessun%20taglio%20ai%20Comuni\" title=\"Twitter\" target=\"_blank\" rel=\"noopener\"><\/a><a class=\"a2a_button_whatsapp\" href=\"https:\/\/www.addtoany.com\/add_to\/whatsapp?linkurl=https%3A%2F%2Fcassano.lavocedelpaese.info%2Findex.php%2F2023%2F08%2F01%2Fpnrr-fitto-smentisce-nessun-taglio-ai-comuni%2F&amp;linkname=PNRR%2C%20Fitto%20smentisce%3A%20nessun%20taglio%20ai%20Comuni\" title=\"WhatsApp\" target=\"_blank\" rel=\"noopener\"><\/a><a class=\"a2a_button_telegram\" href=\"https:\/\/www.addtoany.com\/add_to\/telegram?linkurl=https%3A%2F%2Fcassano.lavocedelpaese.info%2Findex.php%2F2023%2F08%2F01%2Fpnrr-fitto-smentisce-nessun-taglio-ai-comuni%2F&amp;linkname=PNRR%2C%20Fitto%20smentisce%3A%20nessun%20taglio%20ai%20Comuni\" title=\"Telegram\" target=\"_blank\" rel=\"noopener\"><\/a><a class=\"a2a_button_email\" href=\"https:\/\/www.addtoany.com\/add_to\/email?linkurl=https%3A%2F%2Fcassano.lavocedelpaese.info%2Findex.php%2F2023%2F08%2F01%2Fpnrr-fitto-smentisce-nessun-taglio-ai-comuni%2F&amp;linkname=PNRR%2C%20Fitto%20smentisce%3A%20nessun%20taglio%20ai%20Comuni\" title=\"Email\" target=\"_blank\" rel=\"noopener\"><\/a><\/p>\n<p>\u00a0<\/p>","protected":false},"excerpt":{"rendered":"<p>\u00a0 \u200b\u00a0 \u200bCassano \u2013 La Voce del Paese\u00a0 Non ci saranno n\u00e9 potranno esserci tagli per i Comuni sul PNRR,<\/p>\n","protected":false},"author":0,"featured_media":0,"comment_status":"open","ping_status":"closed","sticky":false,"template":"","format":"standard","meta":{"colormag_page_container_layout":"default_layout","colormag_page_sidebar_layout":"default_layout","_monsterinsights_skip_tracking":false,"_monsterinsights_sitenote_active":false,"_monsterinsights_sitenote_note":"","_monsterinsights_sitenote_category":0,"footnotes":""},"categories":[1],"tags":[],"class_list":["post-1823","post","type-post","status-publish","format-standard","hentry","category-uncategorized"],"_links":{"self":[{"href":"https:\/\/noicattaro.lavocedelpaese.info\/index.php\/wp-json\/wp\/v2\/posts\/1823","targetHints":{"allow":["GET"]}}],"collection":[{"href":"https:\/\/noicattaro.lavocedelpaese.info\/index.php\/wp-json\/wp\/v2\/posts"}],"about":[{"href":"https:\/\/noicattaro.lavocedelpaese.info\/index.php\/wp-json\/wp\/v2\/types\/post"}],"replies":[{"embeddable":true,"href":"https:\/\/noicattaro.lavocedelpaese.info\/index.php\/wp-json\/wp\/v2\/comments?post=1823"}],"version-history":[{"count":0,"href":"https:\/\/noicattaro.lavocedelpaese.info\/index.php\/wp-json\/wp\/v2\/posts\/1823\/revisions"}],"wp:attachment":[{"href":"https:\/\/noicattaro.lavocedelpaese.info\/index.php\/wp-json\/wp\/v2\/media?parent=1823"}],"wp:term":[{"taxonomy":"category","embeddable":true,"href":"https:\/\/noicattaro.lavocedelpaese.info\/index.php\/wp-json\/wp\/v2\/categories?post=1823"},{"taxonomy":"post_tag","embeddable":true,"href":"https:\/\/noicattaro.lavocedelpaese.info\/index.php\/wp-json\/wp\/v2\/tags?post=1823"}],"curies":[{"name":"wp","href":"https:\/\/api.w.org\/{rel}","templated":true}]}}