{"id":1853,"date":"2023-08-07T17:13:54","date_gmt":"2023-08-07T17:13:54","guid":{"rendered":"https:\/\/lavocedelpaese.info\/index.php\/2023\/08\/07\/il-palio-che-non-ti-aspetti-ma-che-da-oggi-tutti-apprezzeremo-foto\/"},"modified":"2023-08-07T17:13:54","modified_gmt":"2023-08-07T17:13:54","slug":"il-palio-che-non-ti-aspetti-ma-che-da-oggi-tutti-apprezzeremo-foto","status":"publish","type":"post","link":"https:\/\/noicattaro.lavocedelpaese.info\/index.php\/2023\/08\/07\/il-palio-che-non-ti-aspetti-ma-che-da-oggi-tutti-apprezzeremo-foto\/","title":{"rendered":"Il Palio che non ti aspetti, ma che da oggi tutti apprezzeremo\/foto"},"content":{"rendered":"<p>\u00a0<\/p>\n<p>\u200b\u00a0<\/p>\n<p>\u200bGioia \u2013 La Voce del Paese\u00a0<\/p>\n<p>Ci eravamo lasciati con le parole di <strong>Claudio Santorelli<\/strong>, Presidente e Direttore Artistico dell\u2019Associazione Culturale \u201cPalio delle Botti Gioia del Colle\u201d, circa la consueta abitudine di riqualificazione delle zone pi\u00f9 periferiche della nostra citt\u00e0.<\/p>\n<p>La volont\u00e0 \u00e8 quella di valorizzare, far conoscere e (ri)scoprire quartieri sottoposti a riqualificazione urbana e rinascita, creando un \u201cPalio itinerante\u201d con diverse attivit\u00e0 ed eventi.<\/p>\n<p>Gioia e i gioiesi hanno risposto presente.<\/p>\n<p>Nei giorni 3 e 4 agosto, i quartieri S. Domenico e Porta Casale e S. Francesco e Porta maggiore sono stati i protagonisti assoluti di questa edizione de \u201cAspettando il Palio \u2013 Le feste di quartiere\u201d.<\/p>\n<p>I titoli di \u201ccapi porta\u201d, le figure che nei tempi passati decidevano chi dovesse entrare ed uscire dalla citt\u00e0, quest\u2019anno sono stati conferiti a quattro figure d\u2019eccezione: <strong>Elio Girard<\/strong>i (Porta S. Domenico), <strong>Vincenzo Donvito<\/strong>, conosciuto da tutti come Geg\u00e8 (Porta Maggiore), <strong>Domenico D\u2019Aprile<\/strong> (Porta Casale) e <strong>Michele Abbinante<\/strong> (Porta S. Francesco), che abbiamo visto sfilare sabato e domenica nei cortei storici.<\/p>\n<p>Claudio Santorelli ha voluto ribadire il suo impegno con l\u2019Amministrazione Comunale nel riqualificare le periferie. \u201cFar sentire i gioiesi ancor di pi\u00f9 gioiesi\u201d, \u00e8 questa la filosofia che sta dietro l\u2019organizzazione di questi eventi paralleli. \u201cNegli anni a venire \u2013 continua Santorelli \u2013 verranno conferiti premi per i quartieri meglio allestiti, per i pi\u00f9 colorati, i pi\u00f9 creativi. Ogni forma di creativit\u00e0 sar\u00e0 apprezzata. Il Palio \u00e8 un evento giovane, ha solo 6 anni di vita, ma vogliamo renderlo storia. Siamo da poco entrati nel Comitato Europeo di Rievocazione Storica e il Ministero della Cultura ha dichiarato il Palio un bene immateriale della nazione, stiamo concorrendo ad\u00a0 un concorso sponsorizzato da Autostrade dell\u2019Italia, Consumer Lab, Coldiretti. Ci guardano ancora dall\u2019alto, ma insieme puntiamo a crescere sempre pi\u00f9\u201d.<\/p>\n<p>Assieme all\u2019Assessore alla Cultura, <strong>Lucio Romano<\/strong>, si sono ripercorsi i traguardi raggiunti dal Palio, diventato sempre pi\u00f9 un evento riconosciuto a livello nazionale. Il vero fiore all\u2019occhiello di tutta l\u2019estate gioiese, Joha aeStat 2023.<\/p>\n<p>Nella prima serata, la Presidente del Comitato Rinascita Quartiere S. Domenico, <strong>Daniela Angelillo<\/strong>, ha accolto tutti i presenti da ottima \u201cpadrona di casa\u201d. Con orgoglio, ha ringraziato e sposato in pieno la scelta degli organizzatori del Palio di portare divertimento ed euforia in questo quartiere, a lei tanto caro.<\/p>\n<p>Gli eventi in programma sono stati molti e tutti hanno riscosso successo. Se ci fosse stato un \u201capplausometro\u201d, avremmo di sicuro raggiunto numeri paragonabili ad eventi ben diversi.<\/p>\n<p>La Compagnia \u201cTeatralmente Gioia\u201d, con lo spettacolo \u201cCarpe Sidera\u201d, una trasposizione teatrale dell\u2019omonimo libro di <strong>Susanna De Mattia<\/strong>, ha visto giovani attori prendersi la scena con determinazione, professionalit\u00e0 e alta interpretazione. In \u201cCarpe Sidera\u201d, Federico II (<strong>Michelangelo Dionisio<\/strong>) e Bianca Lancia (<strong>Emanuela Capozzi<\/strong>) non sono stati portati all\u2019attenzione per il solito punto di vista, ma \u201canalizzati\u201d sotto la leggenda del loro amore e per la loro drammatica gelosia. Narratori: <strong>Laura Mastromarino<\/strong> e <strong>Antonello Romano<\/strong>. Al ballo, <strong>Giorgia Mazzola<\/strong>. Alla regia, <strong>Augusto Vito Angelillo<\/strong>. Direttrice di scena, <strong>Federica Donata Bradascio<\/strong>. Direzione tecnica, <strong>Mattia Leonardo Angelillo<\/strong>. Tecnici, <strong>Simone Cantore, Andrea Cantore<\/strong>. Foto, <strong>Ilaria D\u2019Onghia, Lucia Ponte, Carlotta Stea<\/strong>. Truccatrice, <strong>Floranna D\u2019Onghia<\/strong>.Locandina illustrata da <strong>Rosianna Carucci<\/strong>.<\/p>\n<p>Divertimento, coinvolgimento e ballo hanno chiuso le serate. L\u2019Accademia di ballo \u201cBailemos\u201d, con il maestro <strong>Antonio Laterza<\/strong>, ha fatto vibrare le piazze con coreografie ed esibizioni. Divertentismo, balli di gruppo, caraibici, due-uno e tanto altro. Tutto il gruppo Bailemos ha dato dimostrazione di assoluta bravura, coinvolgendo anche qualche spettatore pi\u00f9 \u201ccoraggioso\u201d e portato per il ballo.<\/p>\n<p>Non poteva mancare l\u2019animazione del mattatore Geg\u00e8, una certezza quando si parla di divertimento e coinvolgimento.<\/p>\n<p>Sia Carpe Sidera e Bailemos sono stati protagonisti anche della serata del 4 agosto in Piazza dalla Chiesa.<\/p>\n<p class=\"has-text-align-left\">Presente anche l\u2019Associazione per la promozione della salute mentale \u201c<strong>Il Tasso<\/strong>\u201d che, dopo aver dipinto una delle botti per il Trofeo \u201cSpingitori crescono\u201d, nell\u2019ambito del progetto \u201cInsieme per il Palio\u201d, ha allestito anche un piccolo mercatino con manufatti artigianali. Un\u2019opportunit\u00e0 in pi\u00f9 per farsi conoscere come nuova realt\u00e0 del territorio.<\/p>\n<p class=\"has-text-align-right\">Francesco Lenoci<\/p>\n<p><a class=\"a2a_button_facebook\" href=\"https:\/\/www.addtoany.com\/add_to\/facebook?linkurl=https%3A%2F%2Fgioia.lavocedelpaese.info%2Findex.php%2F2023%2F08%2F07%2Fil-palio-che-non-ti-aspetti-ma-che-da-oggi-tutti-apprezzeremo-foto%2F&amp;linkname=Il%20Palio%20che%20non%20ti%20aspetti%2C%20ma%20che%20da%20oggi%20tutti%20apprezzeremo%2Ffoto\" title=\"Facebook\" target=\"_blank\" rel=\"noopener\"><\/a><a class=\"a2a_button_twitter\" href=\"https:\/\/www.addtoany.com\/add_to\/twitter?linkurl=https%3A%2F%2Fgioia.lavocedelpaese.info%2Findex.php%2F2023%2F08%2F07%2Fil-palio-che-non-ti-aspetti-ma-che-da-oggi-tutti-apprezzeremo-foto%2F&amp;linkname=Il%20Palio%20che%20non%20ti%20aspetti%2C%20ma%20che%20da%20oggi%20tutti%20apprezzeremo%2Ffoto\" title=\"Twitter\" target=\"_blank\" rel=\"noopener\"><\/a><a class=\"a2a_button_whatsapp\" href=\"https:\/\/www.addtoany.com\/add_to\/whatsapp?linkurl=https%3A%2F%2Fgioia.lavocedelpaese.info%2Findex.php%2F2023%2F08%2F07%2Fil-palio-che-non-ti-aspetti-ma-che-da-oggi-tutti-apprezzeremo-foto%2F&amp;linkname=Il%20Palio%20che%20non%20ti%20aspetti%2C%20ma%20che%20da%20oggi%20tutti%20apprezzeremo%2Ffoto\" title=\"WhatsApp\" target=\"_blank\" rel=\"noopener\"><\/a><a class=\"a2a_button_telegram\" href=\"https:\/\/www.addtoany.com\/add_to\/telegram?linkurl=https%3A%2F%2Fgioia.lavocedelpaese.info%2Findex.php%2F2023%2F08%2F07%2Fil-palio-che-non-ti-aspetti-ma-che-da-oggi-tutti-apprezzeremo-foto%2F&amp;linkname=Il%20Palio%20che%20non%20ti%20aspetti%2C%20ma%20che%20da%20oggi%20tutti%20apprezzeremo%2Ffoto\" title=\"Telegram\" target=\"_blank\" rel=\"noopener\"><\/a><a class=\"a2a_button_email\" href=\"https:\/\/www.addtoany.com\/add_to\/email?linkurl=https%3A%2F%2Fgioia.lavocedelpaese.info%2Findex.php%2F2023%2F08%2F07%2Fil-palio-che-non-ti-aspetti-ma-che-da-oggi-tutti-apprezzeremo-foto%2F&amp;linkname=Il%20Palio%20che%20non%20ti%20aspetti%2C%20ma%20che%20da%20oggi%20tutti%20apprezzeremo%2Ffoto\" title=\"Email\" target=\"_blank\" rel=\"noopener\"><\/a><\/p>\n<p>\u00a0<\/p>","protected":false},"excerpt":{"rendered":"<p>\u00a0 \u200b\u00a0 \u200bGioia \u2013 La Voce del Paese\u00a0 Ci eravamo lasciati con le parole di Claudio Santorelli, Presidente e Direttore<\/p>\n","protected":false},"author":0,"featured_media":0,"comment_status":"open","ping_status":"closed","sticky":false,"template":"","format":"standard","meta":{"colormag_page_container_layout":"default_layout","colormag_page_sidebar_layout":"default_layout","_monsterinsights_skip_tracking":false,"_monsterinsights_sitenote_active":false,"_monsterinsights_sitenote_note":"","_monsterinsights_sitenote_category":0,"footnotes":""},"categories":[1],"tags":[],"class_list":["post-1853","post","type-post","status-publish","format-standard","hentry","category-uncategorized"],"_links":{"self":[{"href":"https:\/\/noicattaro.lavocedelpaese.info\/index.php\/wp-json\/wp\/v2\/posts\/1853","targetHints":{"allow":["GET"]}}],"collection":[{"href":"https:\/\/noicattaro.lavocedelpaese.info\/index.php\/wp-json\/wp\/v2\/posts"}],"about":[{"href":"https:\/\/noicattaro.lavocedelpaese.info\/index.php\/wp-json\/wp\/v2\/types\/post"}],"replies":[{"embeddable":true,"href":"https:\/\/noicattaro.lavocedelpaese.info\/index.php\/wp-json\/wp\/v2\/comments?post=1853"}],"version-history":[{"count":0,"href":"https:\/\/noicattaro.lavocedelpaese.info\/index.php\/wp-json\/wp\/v2\/posts\/1853\/revisions"}],"wp:attachment":[{"href":"https:\/\/noicattaro.lavocedelpaese.info\/index.php\/wp-json\/wp\/v2\/media?parent=1853"}],"wp:term":[{"taxonomy":"category","embeddable":true,"href":"https:\/\/noicattaro.lavocedelpaese.info\/index.php\/wp-json\/wp\/v2\/categories?post=1853"},{"taxonomy":"post_tag","embeddable":true,"href":"https:\/\/noicattaro.lavocedelpaese.info\/index.php\/wp-json\/wp\/v2\/tags?post=1853"}],"curies":[{"name":"wp","href":"https:\/\/api.w.org\/{rel}","templated":true}]}}