{"id":1870,"date":"2023-08-09T18:17:23","date_gmt":"2023-08-09T18:17:23","guid":{"rendered":"https:\/\/lavocedelpaese.info\/index.php\/2023\/08\/09\/visita-del-gen-antonio-de-vita-al-comando-legione-carabinieri-puglia\/"},"modified":"2023-08-09T18:17:23","modified_gmt":"2023-08-09T18:17:23","slug":"visita-del-gen-antonio-de-vita-al-comando-legione-carabinieri-puglia","status":"publish","type":"post","link":"https:\/\/noicattaro.lavocedelpaese.info\/index.php\/2023\/08\/09\/visita-del-gen-antonio-de-vita-al-comando-legione-carabinieri-puglia\/","title":{"rendered":"Visita del Gen. Antonio De Vita al Comando Legione Carabinieri \u201cPuglia\u201d"},"content":{"rendered":"<p>\u00a0<\/p>\n<p>\u200b\u00a0<\/p>\n<p>\u200bGioia \u2013 La Voce del Paese\u00a0<\/p>\n<p>\u201cNella mattinata odierna, mercoled\u00ec 9 agosto, a pochi giorni dall\u2019assunzione del Comando Interregionale Carabinieri \u201cOgaden\u201d, <strong>il Generale di Corpo d\u2019Armata Antonio de Vita<\/strong> ha visitato la sede del Comando Legione Carabinieri \u201cPuglia\u201d, ove \u00e8 stato ricevuto dal Comandante, <strong>Generale di Divisione Stefano Spagnol<\/strong>.<\/p>\n<p>Il Gen. C.A. de Vita ha assunto il prestigioso <strong>Comando dell\u2019Interregionale \u201cOgaden\u201d<\/strong>, al vertice dell\u2019organizzazione territoriale dell\u2019Arma dei Carabinieri di Campania, Puglia, Basilicata, Abruzzo e Molise, il 21 luglio scorso, <strong>dando il cambio al Gen. C.A. Rispoli<\/strong>, oggi Comandante dell\u2019Unit\u00e0 Carabinieri Forestali, Ambientali e Agroalimentari.<\/p>\n<p>\u00c8 stata una vi<strong>sita finalizzata a incontrare e conoscere il personale dello Stato Maggiore della Legione Carabinieri Puglia e dei sei Comandi Provinciali<\/strong>, a cui l\u2019alto Ufficiale Generale ha rivolto sentite parole di ringraziamento ed espresso apprezzamento per i risultati conseguiti e per la quotidiana attivit\u00e0 svolta a favore della cittadinanza. \u00c8 proprio sulla centralit\u00e0 del ruolo dei Carabinieri sul territorio che il Generale de Vita, <strong>nel suo intervento<\/strong> rivolto ai Carabinieri di ogni ordine e grado, agli appartenenti all\u2019Associazione Nazionale Carabinieri nonch\u00e9 alla Rappresentanza Militare, <strong>si \u00e8 pi\u00f9 volte soffermato<\/strong>, richiamando il concetto di \u201cprossimit\u00e0\u201d alla gente, quale segno caratterizzante di un\u2019organizzazione valoriale come l\u2019Arma dei Carabinieri, che deve tradursi <strong>nella capacit\u00e0 di dare risposte efficaci a tutte le istanze che la collettivit\u00e0 pone ogni giorno<\/strong> nell\u2019ambito di una societ\u00e0 complessa come l\u2019attuale\u201d. [<strong>Comando Provinciale Carabinieri Bari]<\/strong><\/p>\n<p><a class=\"a2a_button_facebook\" href=\"https:\/\/www.addtoany.com\/add_to\/facebook?linkurl=https%3A%2F%2Fgioia.lavocedelpaese.info%2Findex.php%2F2023%2F08%2F09%2Fvisita-del-gen-antonio-de-vita-al-comando-legione-carabinieri-puglia%2F&amp;linkname=Visita%20del%20Gen.%20Antonio%20De%20Vita%20al%20Comando%20Legione%20Carabinieri%20%E2%80%9CPuglia%E2%80%9D\" title=\"Facebook\" target=\"_blank\" rel=\"noopener\"><\/a><a class=\"a2a_button_twitter\" href=\"https:\/\/www.addtoany.com\/add_to\/twitter?linkurl=https%3A%2F%2Fgioia.lavocedelpaese.info%2Findex.php%2F2023%2F08%2F09%2Fvisita-del-gen-antonio-de-vita-al-comando-legione-carabinieri-puglia%2F&amp;linkname=Visita%20del%20Gen.%20Antonio%20De%20Vita%20al%20Comando%20Legione%20Carabinieri%20%E2%80%9CPuglia%E2%80%9D\" title=\"Twitter\" target=\"_blank\" rel=\"noopener\"><\/a><a class=\"a2a_button_whatsapp\" href=\"https:\/\/www.addtoany.com\/add_to\/whatsapp?linkurl=https%3A%2F%2Fgioia.lavocedelpaese.info%2Findex.php%2F2023%2F08%2F09%2Fvisita-del-gen-antonio-de-vita-al-comando-legione-carabinieri-puglia%2F&amp;linkname=Visita%20del%20Gen.%20Antonio%20De%20Vita%20al%20Comando%20Legione%20Carabinieri%20%E2%80%9CPuglia%E2%80%9D\" title=\"WhatsApp\" target=\"_blank\" rel=\"noopener\"><\/a><a class=\"a2a_button_telegram\" href=\"https:\/\/www.addtoany.com\/add_to\/telegram?linkurl=https%3A%2F%2Fgioia.lavocedelpaese.info%2Findex.php%2F2023%2F08%2F09%2Fvisita-del-gen-antonio-de-vita-al-comando-legione-carabinieri-puglia%2F&amp;linkname=Visita%20del%20Gen.%20Antonio%20De%20Vita%20al%20Comando%20Legione%20Carabinieri%20%E2%80%9CPuglia%E2%80%9D\" title=\"Telegram\" target=\"_blank\" rel=\"noopener\"><\/a><a class=\"a2a_button_email\" href=\"https:\/\/www.addtoany.com\/add_to\/email?linkurl=https%3A%2F%2Fgioia.lavocedelpaese.info%2Findex.php%2F2023%2F08%2F09%2Fvisita-del-gen-antonio-de-vita-al-comando-legione-carabinieri-puglia%2F&amp;linkname=Visita%20del%20Gen.%20Antonio%20De%20Vita%20al%20Comando%20Legione%20Carabinieri%20%E2%80%9CPuglia%E2%80%9D\" title=\"Email\" target=\"_blank\" rel=\"noopener\"><\/a><\/p>\n<p>\u00a0<\/p>","protected":false},"excerpt":{"rendered":"<p>\u00a0 \u200b\u00a0 \u200bGioia \u2013 La Voce del Paese\u00a0 \u201cNella mattinata odierna, mercoled\u00ec 9 agosto, a pochi giorni dall\u2019assunzione del Comando<\/p>\n","protected":false},"author":0,"featured_media":0,"comment_status":"open","ping_status":"closed","sticky":false,"template":"","format":"standard","meta":{"colormag_page_container_layout":"default_layout","colormag_page_sidebar_layout":"default_layout","_monsterinsights_skip_tracking":false,"_monsterinsights_sitenote_active":false,"_monsterinsights_sitenote_note":"","_monsterinsights_sitenote_category":0,"footnotes":""},"categories":[1],"tags":[],"class_list":["post-1870","post","type-post","status-publish","format-standard","hentry","category-uncategorized"],"_links":{"self":[{"href":"https:\/\/noicattaro.lavocedelpaese.info\/index.php\/wp-json\/wp\/v2\/posts\/1870","targetHints":{"allow":["GET"]}}],"collection":[{"href":"https:\/\/noicattaro.lavocedelpaese.info\/index.php\/wp-json\/wp\/v2\/posts"}],"about":[{"href":"https:\/\/noicattaro.lavocedelpaese.info\/index.php\/wp-json\/wp\/v2\/types\/post"}],"replies":[{"embeddable":true,"href":"https:\/\/noicattaro.lavocedelpaese.info\/index.php\/wp-json\/wp\/v2\/comments?post=1870"}],"version-history":[{"count":0,"href":"https:\/\/noicattaro.lavocedelpaese.info\/index.php\/wp-json\/wp\/v2\/posts\/1870\/revisions"}],"wp:attachment":[{"href":"https:\/\/noicattaro.lavocedelpaese.info\/index.php\/wp-json\/wp\/v2\/media?parent=1870"}],"wp:term":[{"taxonomy":"category","embeddable":true,"href":"https:\/\/noicattaro.lavocedelpaese.info\/index.php\/wp-json\/wp\/v2\/categories?post=1870"},{"taxonomy":"post_tag","embeddable":true,"href":"https:\/\/noicattaro.lavocedelpaese.info\/index.php\/wp-json\/wp\/v2\/tags?post=1870"}],"curies":[{"name":"wp","href":"https:\/\/api.w.org\/{rel}","templated":true}]}}