{"id":1905,"date":"2023-08-18T16:33:30","date_gmt":"2023-08-18T16:33:30","guid":{"rendered":"https:\/\/lavocedelpaese.info\/index.php\/2023\/08\/18\/puccini-chiude-la-xiii-edizione-del-festival-del-belcanto\/"},"modified":"2023-08-18T16:33:30","modified_gmt":"2023-08-18T16:33:30","slug":"puccini-chiude-la-xiii-edizione-del-festival-del-belcanto","status":"publish","type":"post","link":"https:\/\/noicattaro.lavocedelpaese.info\/index.php\/2023\/08\/18\/puccini-chiude-la-xiii-edizione-del-festival-del-belcanto\/","title":{"rendered":"Puccini chiude la XIII edizione del Festival del Belcanto"},"content":{"rendered":"<p>\u00a0<\/p>\n<p>\u200b\u00a0<\/p>\n<p>\u200bTuri \u2013 La Voce del Paese\u00a0<\/p>\n<p class=\"has-text-align-center\"><strong>Turi riempie le sue piazze con la lirica che affascina i giovani<\/strong><\/p>\n<p>Cala il sipario sulla XIII edizione del Festival del Belcanto con lo straordinario spettacolo \u201cIl teatro di Puccini. La sua scena, tormento ed estasi\u201d magistralmente diretto e narrato da Giandomenico Vaccari. Un racconto sotto le stelle che ha esaltato l\u2019intensa e sensibile vena teatrale dell\u2019operista toscano attraverso la messa in scena di alcuni quadri delle sue immortali arie tratte da Madama Butterfly, Tosca, Turandot e La Boh\u00e8me, musicate dall\u2019Orchestra Filarmonica Pugliese diretta dal Maestro Ferdinando Redavid.<\/p>\n<p>\u201c\u00c8 stato un viaggio attraverso i personaggi pucciniani che tanto conosciamo e amiamo \u2013 ha commentato <strong>Giandomenico Vaccari<\/strong> \u2013 Dai ragazzi della Parigi del 1830, al lontanissimo Giappone diviso fra Oriente e Occidente, alla Roma della repressione papalina dopo la breve stagione della Repubblica fino ad arrivare, in un viaggio all\u2019indietro nel tempo, alle pagine dell\u2019Inferno di Dante e alla misteriosa e terribile antichissima Cina della Principessa sanguinaria. Abbiamo vissuto un teatro incredibile e stupefacente, costruito sulla rappresentazione musicale dei sentimenti e dell\u2019eros che per Puccini costituiscono l\u2019unica vera necessit\u00e0 compositiva\u201d.<\/p>\n<p>Sul palco si sono susseguiti i soprani Grazia Berardi e Valentina De Pasquale, e i tenori Salvatore Cordella e Joan Lainez, oltre alle ballerine Silvia di Pierro, Paola Altamura ed Elisa Carbone della Compagnia Altradanza, coreografate da Domenico Iannone. Da \u201cMi chiamano Mim\u00ec\u201d a \u201cO mio babbino caro\u201d passando per \u201cVogliatemi bene\u201d a \u201cNessun dorma\u201d, le arie interpretate dagli straordinari cantanti di fama internazionale che hanno incantato, per quasi due ore, il numerosissimo pubblico presente. Un pubblico che ha riempito anche piazza Gonnelli sia il 28 luglio per l\u2019esibizione della favolosa soprano Paoletta Marrocu e dei giovani talenti Martina Tragni e Gianpiero Delle Grazie, accompagnati dalla pianista Lucrezia Messa, evento impreziosito dalla presenza di Salvatore Cordella al quale \u00e8 stato consegnato il Premio Belcanto, che per il 30 luglio con il mezzosoprano Margherita Rotondi e il pianista Vincenzo Cicchelli e il loro recital \u201cCanzoni di lungo viaggio\u201d.<\/p>\n<p>\u00ab\u00c8 stata un\u2019edizione entusiasmante \u2013 ha chiosato il direttore artistico <strong>Ferdinando Redavid<\/strong> \u2013 Da ben 13 anni la nostra associazione \u201cChi \u00e8 di scena?!\u201d porta avanti il festival con grandi sforzi, superando non pochi ostacoli. Ma sono serate come queste che ci ripagano di ogni sforzo. Portare il teatro lirico nelle piazze, alla gente, ai giovani, questo \u00e8 sempre stato il nostro impegno. Il mio profondo grazie a tutte le professionalit\u00e0 che hanno collaborato affinch\u00e9 tutto questo potesse accadere, dagli artisti ai tecnici, dai partner agli sponsor. E un grazie alla Regione Puglia per il patrocinio, All\u2019Amministrazione del Comune di Turi che ci affianca e sostiene credendo nella nostra missione rinnovandoci ogni anno la fiducia, e a Palazzo Pesce, preziosa realt\u00e0 del territorio con cui ci auguriamo di collaborare ancora in futuro. Guardiamo gi\u00e0 al prossimo anno con idee sempre ambiziose e, mi auguro, apprezzate come per questa e le altre edizioni dello straordinario contenitore di bellezza che, negli anni, ha davvero spiccato il volo. Turi pu\u00f2 davvero ben definirsi citt\u00e0 della lirica\u00bb. \u00a0\u00a0<\/p>\n<p> [<a href=\"https:\/\/turi.lavocedelpaese.info\/puccini-chiude-la-xiii-edizione-del-festival-del-belcanto\/?utm_source=rss&amp;utm_medium=rss&amp;utm_campaign=puccini-chiude-la-xiii-edizione-del-festival-del-belcanto\">See image gallery at turi.lavocedelpaese.info<\/a>] <\/p>\n<p><a class=\"a2a_button_facebook\" href=\"https:\/\/www.addtoany.com\/add_to\/facebook?linkurl=https%3A%2F%2Fturi.lavocedelpaese.info%2Fpuccini-chiude-la-xiii-edizione-del-festival-del-belcanto%2F&amp;linkname=Puccini%20chiude%20la%20XIII%20edizione%20del%20Festival%20del%20Belcanto\" title=\"Facebook\" target=\"_blank\" rel=\"noopener\"><\/a><a class=\"a2a_button_twitter\" href=\"https:\/\/www.addtoany.com\/add_to\/twitter?linkurl=https%3A%2F%2Fturi.lavocedelpaese.info%2Fpuccini-chiude-la-xiii-edizione-del-festival-del-belcanto%2F&amp;linkname=Puccini%20chiude%20la%20XIII%20edizione%20del%20Festival%20del%20Belcanto\" title=\"Twitter\" target=\"_blank\" rel=\"noopener\"><\/a><a class=\"a2a_button_whatsapp\" href=\"https:\/\/www.addtoany.com\/add_to\/whatsapp?linkurl=https%3A%2F%2Fturi.lavocedelpaese.info%2Fpuccini-chiude-la-xiii-edizione-del-festival-del-belcanto%2F&amp;linkname=Puccini%20chiude%20la%20XIII%20edizione%20del%20Festival%20del%20Belcanto\" title=\"WhatsApp\" target=\"_blank\" rel=\"noopener\"><\/a><a class=\"a2a_button_telegram\" href=\"https:\/\/www.addtoany.com\/add_to\/telegram?linkurl=https%3A%2F%2Fturi.lavocedelpaese.info%2Fpuccini-chiude-la-xiii-edizione-del-festival-del-belcanto%2F&amp;linkname=Puccini%20chiude%20la%20XIII%20edizione%20del%20Festival%20del%20Belcanto\" title=\"Telegram\" target=\"_blank\" rel=\"noopener\"><\/a><a class=\"a2a_button_email\" href=\"https:\/\/www.addtoany.com\/add_to\/email?linkurl=https%3A%2F%2Fturi.lavocedelpaese.info%2Fpuccini-chiude-la-xiii-edizione-del-festival-del-belcanto%2F&amp;linkname=Puccini%20chiude%20la%20XIII%20edizione%20del%20Festival%20del%20Belcanto\" title=\"Email\" target=\"_blank\" rel=\"noopener\"><\/a><\/p>\n<p>\u00a0<\/p>","protected":false},"excerpt":{"rendered":"<p>\u00a0 \u200b\u00a0 \u200bTuri \u2013 La Voce del Paese\u00a0 Turi riempie le sue piazze con la lirica che affascina i giovani<\/p>\n","protected":false},"author":0,"featured_media":0,"comment_status":"open","ping_status":"closed","sticky":false,"template":"","format":"standard","meta":{"colormag_page_container_layout":"default_layout","colormag_page_sidebar_layout":"default_layout","_monsterinsights_skip_tracking":false,"_monsterinsights_sitenote_active":false,"_monsterinsights_sitenote_note":"","_monsterinsights_sitenote_category":0,"footnotes":""},"categories":[1],"tags":[],"class_list":["post-1905","post","type-post","status-publish","format-standard","hentry","category-uncategorized"],"_links":{"self":[{"href":"https:\/\/noicattaro.lavocedelpaese.info\/index.php\/wp-json\/wp\/v2\/posts\/1905","targetHints":{"allow":["GET"]}}],"collection":[{"href":"https:\/\/noicattaro.lavocedelpaese.info\/index.php\/wp-json\/wp\/v2\/posts"}],"about":[{"href":"https:\/\/noicattaro.lavocedelpaese.info\/index.php\/wp-json\/wp\/v2\/types\/post"}],"replies":[{"embeddable":true,"href":"https:\/\/noicattaro.lavocedelpaese.info\/index.php\/wp-json\/wp\/v2\/comments?post=1905"}],"version-history":[{"count":0,"href":"https:\/\/noicattaro.lavocedelpaese.info\/index.php\/wp-json\/wp\/v2\/posts\/1905\/revisions"}],"wp:attachment":[{"href":"https:\/\/noicattaro.lavocedelpaese.info\/index.php\/wp-json\/wp\/v2\/media?parent=1905"}],"wp:term":[{"taxonomy":"category","embeddable":true,"href":"https:\/\/noicattaro.lavocedelpaese.info\/index.php\/wp-json\/wp\/v2\/categories?post=1905"},{"taxonomy":"post_tag","embeddable":true,"href":"https:\/\/noicattaro.lavocedelpaese.info\/index.php\/wp-json\/wp\/v2\/tags?post=1905"}],"curies":[{"name":"wp","href":"https:\/\/api.w.org\/{rel}","templated":true}]}}