{"id":686,"date":"2022-09-26T02:15:05","date_gmt":"2022-09-26T02:15:05","guid":{"rendered":"https:\/\/lavocedelpaese.info\/?p=686"},"modified":"2023-01-12T02:16:41","modified_gmt":"2023-01-12T02:16:41","slug":"ignazio-zullo-eletto-al-senato-della-repubblica","status":"publish","type":"post","link":"https:\/\/noicattaro.lavocedelpaese.info\/index.php\/2022\/09\/26\/ignazio-zullo-eletto-al-senato-della-repubblica\/","title":{"rendered":"Ignazio Zullo eletto al Senato della Repubblica"},"content":{"rendered":"\n<p>&nbsp;Per la prima volta nella storia dell&#8217;Italia Repubblicana Cassano delle Murge sar\u00e0 rappresentato al Senato della Repubblica: Ignazio Zullo, infatti, \u00e8 stato eletto Senatore nelle elezioni politiche tenutesi ieri con il partito di Giorgia Meloni, Fratelli d&#8217;Italia, risultato il vincitore delle elezioni.&nbsp;<\/p>\n\n\n\n<p>Ignazio Zullo, gi\u00e0 Consigliere Comunale e Consigliere Regionale di FdI, di cui \u00e8 anche capogruppo, era candidato nel plurinominale al terzo posto con ottime probabilit\u00e0 di essere eletto cos\u00ec com poi effettivamente \u00e8 stato<\/p>\n","protected":false},"excerpt":{"rendered":"<p>&nbsp;Per la prima volta nella storia dell&#8217;Italia Repubblicana Cassano delle Murge sar\u00e0 rappresentato al Senato della Repubblica: Ignazio Zullo, infatti,<\/p>\n","protected":false},"author":1,"featured_media":687,"comment_status":"open","ping_status":"closed","sticky":false,"template":"","format":"standard","meta":{"colormag_page_container_layout":"default_layout","colormag_page_sidebar_layout":"default_layout","_monsterinsights_skip_tracking":false,"_monsterinsights_sitenote_active":false,"_monsterinsights_sitenote_note":"","_monsterinsights_sitenote_category":0,"footnotes":""},"categories":[1],"tags":[],"class_list":["post-686","post","type-post","status-publish","format-standard","has-post-thumbnail","hentry","category-uncategorized"],"_links":{"self":[{"href":"https:\/\/noicattaro.lavocedelpaese.info\/index.php\/wp-json\/wp\/v2\/posts\/686","targetHints":{"allow":["GET"]}}],"collection":[{"href":"https:\/\/noicattaro.lavocedelpaese.info\/index.php\/wp-json\/wp\/v2\/posts"}],"about":[{"href":"https:\/\/noicattaro.lavocedelpaese.info\/index.php\/wp-json\/wp\/v2\/types\/post"}],"author":[{"embeddable":true,"href":"https:\/\/noicattaro.lavocedelpaese.info\/index.php\/wp-json\/wp\/v2\/users\/1"}],"replies":[{"embeddable":true,"href":"https:\/\/noicattaro.lavocedelpaese.info\/index.php\/wp-json\/wp\/v2\/comments?post=686"}],"version-history":[{"count":1,"href":"https:\/\/noicattaro.lavocedelpaese.info\/index.php\/wp-json\/wp\/v2\/posts\/686\/revisions"}],"predecessor-version":[{"id":688,"href":"https:\/\/noicattaro.lavocedelpaese.info\/index.php\/wp-json\/wp\/v2\/posts\/686\/revisions\/688"}],"wp:featuredmedia":[{"embeddable":true,"href":"https:\/\/noicattaro.lavocedelpaese.info\/index.php\/wp-json\/wp\/v2\/media\/687"}],"wp:attachment":[{"href":"https:\/\/noicattaro.lavocedelpaese.info\/index.php\/wp-json\/wp\/v2\/media?parent=686"}],"wp:term":[{"taxonomy":"category","embeddable":true,"href":"https:\/\/noicattaro.lavocedelpaese.info\/index.php\/wp-json\/wp\/v2\/categories?post=686"},{"taxonomy":"post_tag","embeddable":true,"href":"https:\/\/noicattaro.lavocedelpaese.info\/index.php\/wp-json\/wp\/v2\/tags?post=686"}],"curies":[{"name":"wp","href":"https:\/\/api.w.org\/{rel}","templated":true}]}}