{"id":692,"date":"2022-09-30T02:19:08","date_gmt":"2022-09-30T02:19:08","guid":{"rendered":"https:\/\/lavocedelpaese.info\/?p=692"},"modified":"2023-01-12T02:20:54","modified_gmt":"2023-01-12T02:20:54","slug":"il-prezzo-della-collaborazione-per-preservare-il-bene-comune","status":"publish","type":"post","link":"https:\/\/noicattaro.lavocedelpaese.info\/index.php\/2022\/09\/30\/il-prezzo-della-collaborazione-per-preservare-il-bene-comune\/","title":{"rendered":"Il prezzo della collaborazione per preservare il bene Comune"},"content":{"rendered":"\n<p>Mantenere un filo rosso che si chiama \u201ccollaborazione\u201d e preservare l\u2019Ente-Comune quale Istituzione di tutti i cittadini, specchio della comunit\u00e0.<\/p>\n\n\n\n<p>Sono le principali preoccupazioni dei leader nel Consiglio Comunale, Davide Del Re e Raffaella Casamassima.<\/p>\n\n\n\n<p>A cui ne aggiungeremmo una terza: evitare di far tornare Cassano a quel che fu tra la fine degli anni \u201990 e i primi di inizio secolo, con una comunit\u00e0 divisa fra buoni (finti) e cattivi (veri) a seconda di come si erano espressi nella cabina elettorale.<\/p>\n\n\n\n<p>I due, Sindaco e Capogruppo di minoranza, hanno un chiaro legame personale di stima, mai scalfito anche durante la campagna elettorale, non per nulla fra le meno \u201ccattive\u201d degli ultimi decenni.<\/p>\n\n\n\n<p>\u00c8 su questa base che Del Re ha voluto intavolare un discorso nuovo e diverso con i Consiglieri di minoranza dunque con la Capogruppo. Approvare le Linee Programmatiche all\u2019unanimit\u00e0, in Consiglio, accettando suggerimenti e modifiche da una parte e dall\u2019altra, non \u00e8 da tutti. Significa accettare, da entrambi gli schieramenti, che c\u2019\u00e8 del buono nelle idee dell\u2019avversario e che si pu\u00f2 costruire senza guardarsi in cagnesco e restando delle proprie idee politiche.<\/p>\n\n\n\n<p>La miglior risposta a chi vaneggia \u201cliste uniche\u201d per il governo di Cassano l\u2019hanno data proprio i due leader in Consiglio: collaborazione leale ma c\u2019\u00e8 chi governa e fa e chi controlla quel che \u00e8 stato fatto.<\/p>\n\n\n\n<p>Ne abbiamo visto tante, in questi quasi 40 anni di attivit\u00e0 da cronisti del Palazzo di piazza Moro per credere alle prime lucciole, spesso scambiate per lanterne; eppure non possiamo non ammettere che la collaborazione che il Sindaco ha offerto e offre continuamente alla minoranza, quasi sempre da questa accettata con dignit\u00e0, \u00e8 sincera, leale e continuativa e non si tratta \u2013 almeno fino ad oggi \u2013 di campagna elettorale prolungata all\u2019infinito o banale strategia.<\/p>\n\n\n\n<p>Lo stato nel quale Cassano (e la comunit\u00e0 cassanese) versa da anni \u00e8 spesso frustante, defatigante e non staremo qui ad elencarne le cause.<\/p>\n\n\n\n<p>Il Sindaco questo lo sa e sa anche che non \u00e8 con \u201cun-uomo-solo-al-comando\u201d che si risolvono i tanti problemi che angustiano l\u2019ex \u201cperla della Murgia\u201d.<\/p>\n\n\n\n<p>Qui non si tratta di decidere quale strada asfaltare, come spendere i soldi del Pnrr o se costruire una rotatoria in pi\u00f9: per quello basta un bravo professionista, un buon Ufficio Tecnico assieme al personale del Comune preparato e competente.<\/p>\n\n\n\n<p>Ci vuole altro per dare risposte concrete alla vivibilit\u00e0 che Cassano rischia di perdere per sempre e per farlo occorre coinvolgere pi\u00f9 persone: la maggioranza che governa e chi era in lista ma anche le imprese, i sindacati, le associazioni, gli anziani, le famiglie. E le minoranze che siedono in Consiglio.<\/p>\n\n\n\n<p>\u00c8 parlare col territorio, quel che serve e che spesso \u00e8 mancato negli ultimi vent\u2019anni.<\/p>\n\n\n\n<p>La riconoscibilit\u00e0 di questo sforzo si riverbera nel Comune, inteso come la casa di tutti e nello stesso tempo l\u2019Istituzione pi\u00f9 prossima ai cittadini.<\/p>\n\n\n\n<p>Se quella casa crolla, rialzare tutto il resto sar\u00e0 sempre pi\u00f9 difficile da realizzare.<\/p>\n\n\n\n<p>Mantenere salde le regole, osservarle e farle osservare; puntellarle col buon senso, adeguarle se necessario. Rispettare il valore della Istituzione-Comune nella quale donne e uomini sono di passaggio. Che devono essere custodi e traghettatori verso il futuro prima ancora che umili utilizzatori.<\/p>\n\n\n\n<p>Da questo punto di vista quel che \u00e8 successo qualche giorno fa in Consiglio Comunale e nei giorni a seguire \u00e8 umiliante e se non si mette un argine la pietra che scivola diventer\u00e0 valanga.<\/p>\n\n\n\n<p>Lasciare che i Consiglieri parlino fuori microfono (a proposito: l\u2019ascolto dei cittadini di quel che viene detto e deciso, in presenza o a casa, non \u00e8 una gentile concessione di chi sta al potere ma un diritto di noi tutti! Li vogliamo aggiustare una volta per tutti questi microfoni?), che le voci si accavallino; urlare per farsi sentire; permettere agli impiegati del Comune di sedersi fra i banchi dei Consiglieri; agire sulla base di Regolamenti vecchi e di difficile applicazione. Tutto questo mina la credibilit\u00e0 e l\u2019autorevolezza dell\u2019Ente Comune e di quelli che sono chiamati a preservarla e farla vivere.<\/p>\n\n\n\n<p>Credete che i due leader, Del Re e Casamassima, non abbiano ostacoli in queste preoccupazioni? Vi sbagliate.<\/p>\n\n\n\n<p>C\u2019\u00e8 chi, in maggioranza come in minoranza, non vede certo di buon occhio (legittimamente, si intende) questa collaborazione fattiva e non solo sulle idee. Ci sono personaggi \u2013 dentro e fuori del Consiglio e del Comune \u2013 che vorrebbero un Del Re prepotente e accentratore, che schiaccia le minoranze con la forza dei numeri, che impone, invece di proporre, che ascolta invece di decidere, che non ammette errori perch\u00e9 chi governa, eletto dal popolo, non ne fa. Per definizione.<\/p>\n\n\n\n<p>Abbiamo purtroppo tristi memorie di chi in passato ha agito cos\u00ec. La Cassano di oggi \u00e8 anche figlia di quel tempo, quando l\u2019arroganza era la stella polare ammantata di capacit\u00e0 di governo ma nella realt\u00e0 semplice, pervasiva gestione del potere che schiacciava le persone, il dissenso, le idee diverse.<\/p>\n\n\n\n<p>Che non si torni indietro.<\/p>\n","protected":false},"excerpt":{"rendered":"<p>Mantenere un filo rosso che si chiama \u201ccollaborazione\u201d e preservare l\u2019Ente-Comune quale Istituzione di tutti i cittadini, specchio della comunit\u00e0.<\/p>\n","protected":false},"author":1,"featured_media":693,"comment_status":"open","ping_status":"closed","sticky":false,"template":"","format":"standard","meta":{"colormag_page_container_layout":"default_layout","colormag_page_sidebar_layout":"default_layout","_monsterinsights_skip_tracking":false,"_monsterinsights_sitenote_active":false,"_monsterinsights_sitenote_note":"","_monsterinsights_sitenote_category":0,"footnotes":""},"categories":[1],"tags":[],"class_list":["post-692","post","type-post","status-publish","format-standard","has-post-thumbnail","hentry","category-uncategorized"],"_links":{"self":[{"href":"https:\/\/noicattaro.lavocedelpaese.info\/index.php\/wp-json\/wp\/v2\/posts\/692","targetHints":{"allow":["GET"]}}],"collection":[{"href":"https:\/\/noicattaro.lavocedelpaese.info\/index.php\/wp-json\/wp\/v2\/posts"}],"about":[{"href":"https:\/\/noicattaro.lavocedelpaese.info\/index.php\/wp-json\/wp\/v2\/types\/post"}],"author":[{"embeddable":true,"href":"https:\/\/noicattaro.lavocedelpaese.info\/index.php\/wp-json\/wp\/v2\/users\/1"}],"replies":[{"embeddable":true,"href":"https:\/\/noicattaro.lavocedelpaese.info\/index.php\/wp-json\/wp\/v2\/comments?post=692"}],"version-history":[{"count":1,"href":"https:\/\/noicattaro.lavocedelpaese.info\/index.php\/wp-json\/wp\/v2\/posts\/692\/revisions"}],"predecessor-version":[{"id":694,"href":"https:\/\/noicattaro.lavocedelpaese.info\/index.php\/wp-json\/wp\/v2\/posts\/692\/revisions\/694"}],"wp:featuredmedia":[{"embeddable":true,"href":"https:\/\/noicattaro.lavocedelpaese.info\/index.php\/wp-json\/wp\/v2\/media\/693"}],"wp:attachment":[{"href":"https:\/\/noicattaro.lavocedelpaese.info\/index.php\/wp-json\/wp\/v2\/media?parent=692"}],"wp:term":[{"taxonomy":"category","embeddable":true,"href":"https:\/\/noicattaro.lavocedelpaese.info\/index.php\/wp-json\/wp\/v2\/categories?post=692"},{"taxonomy":"post_tag","embeddable":true,"href":"https:\/\/noicattaro.lavocedelpaese.info\/index.php\/wp-json\/wp\/v2\/tags?post=692"}],"curies":[{"name":"wp","href":"https:\/\/api.w.org\/{rel}","templated":true}]}}