{"id":713,"date":"2022-09-10T02:33:08","date_gmt":"2022-09-10T02:33:08","guid":{"rendered":"https:\/\/lavocedelpaese.info\/?p=713"},"modified":"2023-01-12T02:34:53","modified_gmt":"2023-01-12T02:34:53","slug":"ex-casa-bianca-aspro-confronto-maggioranza-opposizione","status":"publish","type":"post","link":"https:\/\/noicattaro.lavocedelpaese.info\/index.php\/2022\/09\/10\/ex-casa-bianca-aspro-confronto-maggioranza-opposizione\/","title":{"rendered":"Ex &#8220;Casa Bianca&#8221; aspro confronto Maggioranza-Opposizione"},"content":{"rendered":"\n<p>Azione quasi notarile del Consiglio Comunale nella seduta dell\u20198 settembre scorso, con la presa d\u2019atto di alcuni provvedimenti di Giunta anche se non sono mancate occasioni di aspro confronto fra maggioranza e opposizione sull\u2019utilizzo dell\u2019avanzo di amministrazione e la questione della ex Casa Bianca.<\/p>\n\n\n\n<p>La seduta si \u00e8 aperta con due interpellanze presentate dai Consiglieri di minoranza e indirizzate <strong>all\u2019Assessora ai Servizi Sociali Enza Battista<\/strong>: con la prima si chiedeva conto della scarsa adesione da parte della popolazione anziana cassanese al viaggio termale a Margherita di Savoia dato che solo 10 persone hanno aderito <em>\u201cquando invece sarebbe stato meglio<\/em> \u2013 ha detto <strong>la Capogruppo Raffaella Casamassima<\/strong> \u2013 <em>che ad individuare i partecipanti fossero gli Uffici Comunali\u201d<\/em> anzich\u00e9 fare un Avviso Pubblico.<\/p>\n\n\n\n<p>Peggio ancora per il campo estivo: nessuna associazione n\u00e9 ente del Terzo Settore si \u00e8 proposto per organizzarlo e dunque non si \u00e8 pi\u00f9 tenuto: <em>\u201cquante domande sono pervenute all\u2019ente da parte delle famiglie? E che ne sar\u00e0 delle somme stanziate e non spese?\u201d<\/em> ha chiesto la Casamassima.<\/p>\n\n\n\n<p>L\u2019Assessora si \u00e8 riservata la risposta scritta.<\/p>\n\n\n\n<p>La seduta \u00e8 dunque proseguita con la surroga del <strong>Consiglieri Comunale dimissionario Ignazio Zullo<\/strong>, del quale <strong>la Presidente del Consiglio Stefania Simonetti<\/strong> ha letto la missiva con la quale rassegna le dimissioni dal Consiglio a causa dei suoi impegni in Regione, restando comunque a disposizione dell\u2019assise consiliare.<\/p>\n\n\n\n<p>Gli subentra <strong>Francesco Cavalluzzi<\/strong>, primo dei non eletti nella lista \u201cCassano Avanti\u201d, gi\u00e0 capogruppo della maggioranza Di Medio II che ha ringraziato <em>\u201cil Consiglio per l\u2019accoglienza, soddisfatto nel vedere una opposizione attenta e propositiva ed una maggioranza che ascolta, dunque un nuovo corso\u201d<\/em> della politica amministrativa cittadina.<\/p>\n\n\n\n<figure class=\"wp-block-image aligncenter\"><img decoding=\"async\" src=\"http:\/\/cassanoweb.it\/images\/stories\/IMG20220908175605_1_1.jpg\" alt=\"IMG20220908175605 1 1\"\/><\/figure>\n\n\n\n<p>Approvate all\u2019unanimit\u00e0 due ratifiche di altrettante variazioni urgenti di bilancio effettuate dalla Giunta, che il Consiglio, deve, appunto, solo ratificare, lo scontro si \u00e8 avuto su quella riguardante l\u2019Estate Cassanese per oltre 26mila euro <em>\u201cma l\u2019oggetto della variazione non c\u2019entra con i miei rilievi\u201d<\/em> ha tenuto a sottolineare la <strong>Consigliera Annamaria Caprio<\/strong>.<\/p>\n\n\n\n<p>L\u2019ex Assessora al Bilancio contesta alla maggioranza di aver utilizzato l\u2019avanzo di amministrazione in maniera impropria, contro i dettami che le norme e la giurisprudenza contabile prevedono: in sostanza in modo illegittimo tanto da aver segnalato la delibera di Giunta alla Corte dei conti perch\u00e9 dia un parere; non andava utilizzato l\u2019avanzo in quel modo, ha detto la Caprio nel suo intervento, perch\u00e9 i parametri previsti dalla legge non lo consentono<em>: \u201cnon c\u2019era urgenza n\u00e9 si trattava di spesa irripetibile: se volevate finanziare le legittime attivit\u00e0 dell\u2019Estate Cassanese c\u2019erano tanti altri modi gi\u00e0 con somme gi\u00e0 previste in Bilancio\u201d,<\/em> ha concluso.<\/p>\n\n\n\n<p><strong>L\u2019Assessore al Bilancio<\/strong> ha invece ribaltato il punto di osservazione: <em>\u201cpartiamo dai bisogni delle persone, che dopo due anni di pandemia hanno il bisogno di evadere e ritrovarsi\u201d<\/em>, ha detto <strong>Vito Lionetti<\/strong>, <em>\u201ce i pareri espressi positivamente dagli Uffici e dal Revisore dei conti ci tranquillizzano e ci rendono orgogliosi di aver riportato in piazza tanta gente\u201d.<\/em><\/p>\n\n\n\n<p>Altre scintille sull\u2019ultimo punto all\u2019ordine del giorno, richiesto dalla minoranza ovvero l\u2019autorizzazione del Sindaco in continuit\u00e0 amministrativa alla firma del protocollo di intesa fra Asl Bari ed il Comune per la ex \u201cCasa Bianca\u201d.<\/p>\n\n\n\n<p>Il <strong>Capogruppo di maggioranza Francesco Petruzzellis <\/strong>ha sollevato una pregiudiziale sul punto, ritenendo che lo stesso non dovesse essere discusso <em>\u201cin quanto le interlocuzioni con la Asl sono continue e monitorate: per di pi\u00f9 in questa maggioranza ci sono forze politiche<\/em> (il PD, NdA) <em>che hanno sollevato la questione \u201cCasa Bianca\u201d e sollecitato la vecchia amministrazione ad occuparsene\u201d.<\/em><\/p>\n\n\n\n<p>Una richiesta che ha mandato su tutte le furie la minoranza tant\u2019\u00e8 che la Caprio ha contestato la ricostruzione di Petruzzellis con inutile sfoggio di primogeniture e distintivi, ricordando che l\u2019Amministrazione Di Medio ha lavorato per mesi per quella soluzione che far\u00e0 diventare la struttura una \u201ccasa di comunit\u00e0\u201d con fondi del Pnrr. \u00c8 stato poi ricordato come altre strutture del genere, ad esempio a Noci, sono gi\u00e0 operative mentre la Convenzione fra il nostro Comune e la Asl deve essere ancora firmata.<\/p>\n\n\n\n<p>Parola finale al <strong>Sindaco Davide Del Re<\/strong> che ha rassicurato il Consiglio: <em>\u201cper come quel punto \u00e8 stato formulato, \u00e8 inutile: non occorre creare allarmismo n\u00e9 fornire false informazioni perch\u00e9 stiamo colloquiando con gli uffici della Asl e limando la Convenzione che sar\u00e0 portata nelle Commissioni e quindi in Consiglio perch\u00e9 migliorabile, ad esempio negli aspetti economici dato che non \u00e8 detto che la Asl possa ricevere un bene del Comune in modo gratuito e per sempre\u201d.<\/em><\/p>\n\n\n\n<p>Il punto, dunque, non \u00e8 stato discusso, in attesa di andare a vedere nel merito la \u201cnuova\u201d Convenzione fra Asl e Comune.<\/p>\n","protected":false},"excerpt":{"rendered":"<p>Azione quasi notarile del Consiglio Comunale nella seduta dell\u20198 settembre scorso, con la presa d\u2019atto di alcuni provvedimenti di Giunta<\/p>\n","protected":false},"author":1,"featured_media":714,"comment_status":"open","ping_status":"closed","sticky":false,"template":"","format":"standard","meta":{"colormag_page_container_layout":"default_layout","colormag_page_sidebar_layout":"default_layout","_monsterinsights_skip_tracking":false,"_monsterinsights_sitenote_active":false,"_monsterinsights_sitenote_note":"","_monsterinsights_sitenote_category":0,"footnotes":""},"categories":[1],"tags":[],"class_list":["post-713","post","type-post","status-publish","format-standard","has-post-thumbnail","hentry","category-uncategorized"],"_links":{"self":[{"href":"https:\/\/noicattaro.lavocedelpaese.info\/index.php\/wp-json\/wp\/v2\/posts\/713","targetHints":{"allow":["GET"]}}],"collection":[{"href":"https:\/\/noicattaro.lavocedelpaese.info\/index.php\/wp-json\/wp\/v2\/posts"}],"about":[{"href":"https:\/\/noicattaro.lavocedelpaese.info\/index.php\/wp-json\/wp\/v2\/types\/post"}],"author":[{"embeddable":true,"href":"https:\/\/noicattaro.lavocedelpaese.info\/index.php\/wp-json\/wp\/v2\/users\/1"}],"replies":[{"embeddable":true,"href":"https:\/\/noicattaro.lavocedelpaese.info\/index.php\/wp-json\/wp\/v2\/comments?post=713"}],"version-history":[{"count":1,"href":"https:\/\/noicattaro.lavocedelpaese.info\/index.php\/wp-json\/wp\/v2\/posts\/713\/revisions"}],"predecessor-version":[{"id":715,"href":"https:\/\/noicattaro.lavocedelpaese.info\/index.php\/wp-json\/wp\/v2\/posts\/713\/revisions\/715"}],"wp:featuredmedia":[{"embeddable":true,"href":"https:\/\/noicattaro.lavocedelpaese.info\/index.php\/wp-json\/wp\/v2\/media\/714"}],"wp:attachment":[{"href":"https:\/\/noicattaro.lavocedelpaese.info\/index.php\/wp-json\/wp\/v2\/media?parent=713"}],"wp:term":[{"taxonomy":"category","embeddable":true,"href":"https:\/\/noicattaro.lavocedelpaese.info\/index.php\/wp-json\/wp\/v2\/categories?post=713"},{"taxonomy":"post_tag","embeddable":true,"href":"https:\/\/noicattaro.lavocedelpaese.info\/index.php\/wp-json\/wp\/v2\/tags?post=713"}],"curies":[{"name":"wp","href":"https:\/\/api.w.org\/{rel}","templated":true}]}}