{"id":973,"date":"2023-02-04T07:59:44","date_gmt":"2023-02-04T07:59:44","guid":{"rendered":"https:\/\/lavocedelpaese.info\/index.php\/2023\/02\/04\/ufficio-protocollo-nuovi-orari-per-laccesso-al-pubblico\/"},"modified":"2023-02-04T07:59:44","modified_gmt":"2023-02-04T07:59:44","slug":"ufficio-protocollo-nuovi-orari-per-laccesso-al-pubblico","status":"publish","type":"post","link":"https:\/\/noicattaro.lavocedelpaese.info\/index.php\/2023\/02\/04\/ufficio-protocollo-nuovi-orari-per-laccesso-al-pubblico\/","title":{"rendered":"Ufficio Protocollo, nuovi orari per l\u2019accesso al pubblico"},"content":{"rendered":"<p>Con ordinanza sindacale del 1\u00b0 febbraio sono stati modificati gli orari di accesso al pubblico per l\u2019Ufficio Protocollo.<\/p>\n<p>Le attivit\u00e0 di ricevimento e di erogazione dei servizi si svolgeranno nelle seguenti giornate:<\/p>\n<p>luned\u00ec, mercoled\u00ec, gioved\u00ec e venerd\u00ec: dalle ore 8.30 alle ore 13.00; <\/p>\n<p>marted\u00ec: dalle ore 15.30 alle ore 17.30.<\/p>\n<p>\u00a0<\/p>\n<p>\u200b\u00a0<\/p>","protected":false},"excerpt":{"rendered":"<p>Con ordinanza sindacale del 1\u00b0 febbraio sono stati modificati gli orari di accesso al pubblico per l\u2019Ufficio Protocollo. Le attivit\u00e0<\/p>\n","protected":false},"author":0,"featured_media":0,"comment_status":"open","ping_status":"closed","sticky":false,"template":"","format":"standard","meta":{"colormag_page_container_layout":"default_layout","colormag_page_sidebar_layout":"default_layout","_monsterinsights_skip_tracking":false,"_monsterinsights_sitenote_active":false,"_monsterinsights_sitenote_note":"","_monsterinsights_sitenote_category":0,"footnotes":""},"categories":[1],"tags":[],"class_list":["post-973","post","type-post","status-publish","format-standard","hentry","category-uncategorized"],"_links":{"self":[{"href":"https:\/\/noicattaro.lavocedelpaese.info\/index.php\/wp-json\/wp\/v2\/posts\/973","targetHints":{"allow":["GET"]}}],"collection":[{"href":"https:\/\/noicattaro.lavocedelpaese.info\/index.php\/wp-json\/wp\/v2\/posts"}],"about":[{"href":"https:\/\/noicattaro.lavocedelpaese.info\/index.php\/wp-json\/wp\/v2\/types\/post"}],"replies":[{"embeddable":true,"href":"https:\/\/noicattaro.lavocedelpaese.info\/index.php\/wp-json\/wp\/v2\/comments?post=973"}],"version-history":[{"count":0,"href":"https:\/\/noicattaro.lavocedelpaese.info\/index.php\/wp-json\/wp\/v2\/posts\/973\/revisions"}],"wp:attachment":[{"href":"https:\/\/noicattaro.lavocedelpaese.info\/index.php\/wp-json\/wp\/v2\/media?parent=973"}],"wp:term":[{"taxonomy":"category","embeddable":true,"href":"https:\/\/noicattaro.lavocedelpaese.info\/index.php\/wp-json\/wp\/v2\/categories?post=973"},{"taxonomy":"post_tag","embeddable":true,"href":"https:\/\/noicattaro.lavocedelpaese.info\/index.php\/wp-json\/wp\/v2\/tags?post=973"}],"curies":[{"name":"wp","href":"https:\/\/api.w.org\/{rel}","templated":true}]}}