{"id":992,"date":"2023-02-07T13:46:44","date_gmt":"2023-02-07T13:46:44","guid":{"rendered":"https:\/\/lavocedelpaese.info\/index.php\/2023\/02\/07\/a-sud-del-900-ospita-riccardo-nencini-nella-sala-javarone\/"},"modified":"2023-02-07T13:46:44","modified_gmt":"2023-02-07T13:46:44","slug":"a-sud-del-900-ospita-riccardo-nencini-nella-sala-javarone","status":"publish","type":"post","link":"https:\/\/noicattaro.lavocedelpaese.info\/index.php\/2023\/02\/07\/a-sud-del-900-ospita-riccardo-nencini-nella-sala-javarone\/","title":{"rendered":"\u201cA Sud del 900\u201d ospita Riccardo Nencini, nella Sala Javarone"},"content":{"rendered":"<div class=\"wp-block-image\">\n<\/div>\n<p>\u00abDevo essere sincero: bench\u00e9 sia trascorso un secolo, Matteotti apre porte e finestre. Nell\u2019immaginario popolare, il deputato socialista viene ancora considerato quello che fu. L\u2019oppositore del regime, l\u2019antifascista per eccellenza\u00bb.<\/p>\n<p>Queste parole scrive Riccardo Nencini alla fine di\u00a0Solo, il libro che ha dedicato a Giacomo Matteotti.<\/p>\n<p>Un romanzo politico di oltre seicento pagine sul percorso politico e umano di colui che fu il primo vero antagonista di Mussolini, il fantasma che ha aleggiato sul Fascismo per tutta la durata della dittatura.<\/p>\n<p>Nencini nel suo libro, basato su importanti ricerche di archivio, ricostruisce in forma romanzesca, fornendo una prova di bella scrittura, la passione di un uomo politico e coerente che non ha mai tradito le proprie idee e la vita di questo grande eroe socialista assassinato per difendere la nostra libert\u00e0.<\/p>\n<p>\u00abIo sono un riformista rivoluzionario, non un comunista. Gli italiani devono sapere che i comunisti sono i naturali alleati del fascio, i suoi complici involontari. Se il comunismo non ci fosse, il fascismo lo inventerebbe. La violenza e la dittatura predicata dall\u2019uno diviene il pretesto e la giustificazione della violenza e della dittatura dell\u2019altro\u00bb.<\/p>\n<p>Ecco chi era Giacomo Matteotti, prima di tutto un socialista libertario e riformista come Filippo Turati e fu assassinato prima che dai fascisti dai massimalisti comunisti al servizio di Mosca, occupati, dopo la scissione del 1921, a distruggere i riformisti e la loro credibilit\u00e0 piuttosto che\u00a0fare fronte comune per evitare l\u2019avanzata di Benito Mussolini.<\/p>\n<p>Gramsci e Togliatti hanno le loro precise responsabilit\u00e0 e non furono mai teneri nei confronti dei compagni socialisti e riformisti che non vollero piegarsi al credo bolscevico, anzi la loro violenza nei loro confronti fu simile a quella dei manganelli fascisti.<\/p>\n<p>Dopo il ritrovamento del corpo di Giacomo Matteotti, Antonio Gramsci pubblic\u00f2 su\u00a0Stato Operaio\u00a0un fondo in cui paragonava il segretario del Partito Socialista Unitario a un \u201cpellegrino del nulla\u201d.<\/p>\n<p>Solo\u00a0\u00e8 un romanzo politico ma \u00e8 anche un romanzo storico. Matteotti \u00e8 il primo che intuisce che il fascismo non \u00e8 una cosa vecchia mentre i liberali giolittiani ritenevano che il fascismo fosse una reazione al biennio rosso. I comunisti pensavano che il fascismo\u00a0fosse l\u2019ultima fase dello stato borghese e fosse il preludio alla rivoluzione comunista.<\/p>\n<p>Chi si oppone veramente al fascismo sono i liberali di Amendola e i riformisti di Turati e Matteotti. I comunisti li considerano nemici perch\u00e9 continuando a sostenere che lo stato liberal democratico sia migliore, si ritarda l\u2019avvento della rivoluzione.<\/p>\n<p>Togliatti nel 1923, in piena avanzata del fascismo, scrive: \u00abIl nemico \u00e8 a tre teste: Mussolini, Sturzo e Turati\u00bb.<\/p>\n<p>Nencini ricorda come da parte dei comunisti vi fu una opposizione violenta e fortissima contro i socialisti unitari, quindi indirizzata contro Turati, Treves, Matteotti, Modigliani che subirono quindi una doppia opposizione: da parte fascista ma anche da parte comunista.<\/p>\n<p>\u00abNon ha proprio capito. Non sono la sua domestica e non sono nemmeno la puttana di corte. E siccome nella palestra della libert\u00e0 ci vado ogni giorno, ho fatto voto di non piegarmi. Fino a che avr\u00f2 fiato in gola\u00bb. Ecco le parole di Matteotti, uomo libero che non si piega al fascismo e al comunismo.<\/p>\n<p>Matteotti fu assassinato per ordine di Mussolini perch\u00e9 si oppose duramente al fascismo che stava nascendo, aveva capito la gravit\u00e0 della portata criminale di Mussolini e del suo movimento politico, il primo in Italia che si dota di una banda armata di squadracce.<\/p>\n<p>L\u2019uomo coraggioso aveva capito tutto questo e fu lasciato solo a combattere.<\/p>\n<p class=\"has-text-align-right\"><strong>Nicola Vacca<\/strong><\/p>\n<p>\u00a0<\/p>\n<p>\u200b\u00a0<\/p>","protected":false},"excerpt":{"rendered":"<p>\u00abDevo essere sincero: bench\u00e9 sia trascorso un secolo, Matteotti apre porte e finestre. Nell\u2019immaginario popolare, il deputato socialista viene ancora<\/p>\n","protected":false},"author":0,"featured_media":0,"comment_status":"open","ping_status":"closed","sticky":false,"template":"","format":"standard","meta":{"colormag_page_container_layout":"default_layout","colormag_page_sidebar_layout":"default_layout","_monsterinsights_skip_tracking":false,"_monsterinsights_sitenote_active":false,"_monsterinsights_sitenote_note":"","_monsterinsights_sitenote_category":0,"footnotes":""},"categories":[1],"tags":[],"class_list":["post-992","post","type-post","status-publish","format-standard","hentry","category-uncategorized"],"_links":{"self":[{"href":"https:\/\/noicattaro.lavocedelpaese.info\/index.php\/wp-json\/wp\/v2\/posts\/992","targetHints":{"allow":["GET"]}}],"collection":[{"href":"https:\/\/noicattaro.lavocedelpaese.info\/index.php\/wp-json\/wp\/v2\/posts"}],"about":[{"href":"https:\/\/noicattaro.lavocedelpaese.info\/index.php\/wp-json\/wp\/v2\/types\/post"}],"replies":[{"embeddable":true,"href":"https:\/\/noicattaro.lavocedelpaese.info\/index.php\/wp-json\/wp\/v2\/comments?post=992"}],"version-history":[{"count":0,"href":"https:\/\/noicattaro.lavocedelpaese.info\/index.php\/wp-json\/wp\/v2\/posts\/992\/revisions"}],"wp:attachment":[{"href":"https:\/\/noicattaro.lavocedelpaese.info\/index.php\/wp-json\/wp\/v2\/media?parent=992"}],"wp:term":[{"taxonomy":"category","embeddable":true,"href":"https:\/\/noicattaro.lavocedelpaese.info\/index.php\/wp-json\/wp\/v2\/categories?post=992"},{"taxonomy":"post_tag","embeddable":true,"href":"https:\/\/noicattaro.lavocedelpaese.info\/index.php\/wp-json\/wp\/v2\/tags?post=992"}],"curies":[{"name":"wp","href":"https:\/\/api.w.org\/{rel}","templated":true}]}}